{"id":5595,"date":"2022-11-16T09:12:40","date_gmt":"2022-11-16T08:12:40","guid":{"rendered":"http:\/\/lyceedelaulne.fr\/?p=5595"},"modified":"2022-11-16T09:49:01","modified_gmt":"2022-11-16T08:49:01","slug":"festival-alimenterre-2022","status":"publish","type":"post","link":"https:\/\/lyceedelaulne.fr\/?p=5595","title":{"rendered":"Festival Alimenterre 2022"},"content":{"rendered":"\t\t<div data-elementor-type=\"wp-post\" data-elementor-id=\"5595\" class=\"elementor elementor-5595\">\n\t\t\t\t\t\t<section class=\"elementor-section elementor-top-section elementor-element elementor-element-137b9806 elementor-section-boxed elementor-section-height-default elementor-section-height-default\" data-id=\"137b9806\" data-element_type=\"section\" data-e-type=\"section\">\n\t\t\t\t\t\t<div class=\"elementor-container elementor-column-gap-default\">\n\t\t\t\t\t<div class=\"elementor-column elementor-col-50 elementor-top-column elementor-element elementor-element-5e395264\" data-id=\"5e395264\" data-element_type=\"column\" data-e-type=\"column\">\n\t\t\t<div class=\"elementor-widget-wrap elementor-element-populated\">\n\t\t\t\t\t\t<div class=\"elementor-element elementor-element-13165368 elementor-widget elementor-widget-text-editor\" data-id=\"13165368\" data-element_type=\"widget\" data-e-type=\"widget\" data-widget_type=\"text-editor.default\">\n\t\t\t\t<div class=\"elementor-widget-container\">\n\t\t\t\t\t\t\t\t\t<p>Dans le cadre du Festival Alimenterre, le<strong>\u00a0lyc\u00e9e agricole de l&rsquo;Aulne<\/strong>\u00a0organise la projection du film\u00a0<strong>\u00ab\u00a0Une terre sans abeilles ?\u00a0\u00bb<\/strong>. La projection d\u00e9butera \u00e0<strong>\u00a020H00<\/strong>\u00a0le\u00a0<strong>mardi 29 novembre<\/strong>\u00a0et sera suivi d&rsquo;un temps d&rsquo;\u00e9change avec un apiculteur, Gilbert PIEDNOIR.<\/p><p>Vous pourrez \u00e9galement d\u00e9couvrir 2 expositions : \u00ab\u00a0<strong>Dessine-moi l&rsquo;\u00e9cologie<\/strong>\u00a0\u00bb et \u00ab\u00a0<strong>Biodiversit\u00e9 et organisation des colonies d&rsquo;abeilles<\/strong>\u00ab\u00a0<\/p><p>Enfin, un stand de\u00a0<strong>produits \u00e0 base de miel\u00a0<\/strong>sera pr\u00e9sent et vous pourrez\u00a0<strong>d\u00e9guster<\/strong>\u00a0diff\u00e9rents miels.<\/p><p>Lien :\u00a0<span style=\"color: #000080;\"><strong><a style=\"color: #000080;\" href=\"https:\/\/www.alimenterre.org\/une-terre-sans-abeilles-0\" target=\"_blank\" rel=\"noopener noreferrer\">Une terre sans abeilles ? | ALIMENTERRE<\/a><\/strong><\/span><\/p>\t\t\t\t\t\t\t\t<\/div>\n\t\t\t\t<\/div>\n\t\t\t\t<div class=\"elementor-element elementor-element-f48ef29 elementor-widget elementor-widget-text-editor\" data-id=\"f48ef29\" data-element_type=\"widget\" data-e-type=\"widget\" data-widget_type=\"text-editor.default\">\n\t\t\t\t<div class=\"elementor-widget-container\">\n\t\t\t\t\t\t\t\t\t<p>Film :\u00a0<strong>Une terre sans abeilles\u00a0?<\/strong><\/p><p><strong>R\u00e9alisateurs Elsa Putelat et Nicolas Dupuis- 2021<\/strong><\/p><p><strong>Production\u00a0: ELKA Production<\/strong><\/p><p><strong>55 minutes <\/strong><\/p><p>Les alertes et alarmes sont nombreuses. On sait aujourd\u2019hui que les abeilles sont menac\u00e9es partout dans le monde. En France, 56 millions d\u2019abeilles meurent chaque jour. Quelles sont les solutions envisag\u00e9es\u00a0? Comment l\u2019\u00eatre humain r\u00e9pond-il \u00e0 cette situation\u00a0? \u2026<\/p><p>Parons autour du monde \u00e0 la rencontre des divers acteurs et \u00e0 la d\u00e9couverte de solutions envisag\u00e9es.. De l\u2019Am\u00e9rique \u00e0 l\u2019Asie, en passant par l\u2019Europe, derri\u00e8re les r\u00e9ponses apport\u00e9es se dessine le monde de demain\u00a0<\/p><p><strong>Mardi 29 novembre \u2013 20H00<\/strong><\/p><p>Amphi Lyc\u00e9e de l\u2019Aune \u2013 Ch\u00e2teaulin<\/p><p><em>02 98 86 05 43 \u2013 www.lyceedelaulne.fr<\/em><\/p>\t\t\t\t\t\t\t\t<\/div>\n\t\t\t\t<\/div>\n\t\t\t\t\t<\/div>\n\t\t<\/div>\n\t\t\t\t<div class=\"elementor-column elementor-col-50 elementor-top-column elementor-element elementor-element-3ec4d0a5\" data-id=\"3ec4d0a5\" data-element_type=\"column\" data-e-type=\"column\">\n\t\t\t<div class=\"elementor-widget-wrap elementor-element-populated\">\n\t\t\t\t\t\t<div class=\"elementor-element elementor-element-70571f0b elementor-widget elementor-widget-image\" data-id=\"70571f0b\" data-element_type=\"widget\" data-e-type=\"widget\" data-widget_type=\"image.default\">\n\t\t\t\t<div class=\"elementor-widget-container\">\n\t\t\t\t\t\t\t\t\t\t\t\t\t\t\t<img fetchpriority=\"high\" decoding=\"async\" width=\"1723\" height=\"2480\" src=\"https:\/\/lyceedelaulne.fr\/wp-content\/uploads\/2022\/11\/affiche-2022-Version-2-du-14.11.22-e1668587264865.jpg\" class=\"attachment-full size-full wp-image-5597\" alt=\"Lyc\u00e9e de l&#039;Aulne Festival Alimenterre 2022\" srcset=\"https:\/\/lyceedelaulne.fr\/wp-content\/uploads\/2022\/11\/affiche-2022-Version-2-du-14.11.22-e1668587264865.jpg 1723w, https:\/\/lyceedelaulne.fr\/wp-content\/uploads\/2022\/11\/affiche-2022-Version-2-du-14.11.22-e1668587264865-208x300.jpg 208w, https:\/\/lyceedelaulne.fr\/wp-content\/uploads\/2022\/11\/affiche-2022-Version-2-du-14.11.22-e1668587264865-768x1105.jpg 768w, https:\/\/lyceedelaulne.fr\/wp-content\/uploads\/2022\/11\/affiche-2022-Version-2-du-14.11.22-e1668587264865-711x1024.jpg 711w, https:\/\/lyceedelaulne.fr\/wp-content\/uploads\/2022\/11\/affiche-2022-Version-2-du-14.11.22-e1668587264865-188x270.jpg 188w\" sizes=\"(max-width: 1723px) 100vw, 1723px\" \/>\t\t\t\t\t\t\t\t\t\t\t\t\t\t\t<\/div>\n\t\t\t\t<\/div>\n\t\t\t\t<div class=\"elementor-element elementor-element-e14a1dc elementor-widget elementor-widget-text-editor\" data-id=\"e14a1dc\" data-element_type=\"widget\" data-e-type=\"widget\" data-widget_type=\"text-editor.default\">\n\t\t\t\t<div class=\"elementor-widget-container\">\n\t\t\t\t\t\t\t\t\t<p><em><span style=\"color: #000000;\"><img decoding=\"async\" class=\" wp-image-5603 alignleft\" src=\"http:\/\/lyceedelaulne.fr\/wp-content\/uploads\/2022\/11\/logo-p3fy3yk0ws85i1kao5v5iclk13nolfnj6hc3y0bk6k.jpg\" alt=\"\" width=\"76\" height=\"76\" srcset=\"https:\/\/lyceedelaulne.fr\/wp-content\/uploads\/2022\/11\/logo-p3fy3yk0ws85i1kao5v5iclk13nolfnj6hc3y0bk6k.jpg 190w, https:\/\/lyceedelaulne.fr\/wp-content\/uploads\/2022\/11\/logo-p3fy3yk0ws85i1kao5v5iclk13nolfnj6hc3y0bk6k-150x150.jpg 150w\" sizes=\"(max-width: 76px) 100vw, 76px\" \/><\/span><\/em><\/p><p><em><span style=\"color: #000000;\">Le festival est coordonn\u00e9 par le Comit\u00e9 Fran\u00e7ais pour la Solidarit\u00e9 Internationale (CFSI) Association reconnue d\u2019utilit\u00e9 publique cr\u00e9\u00e9e en 1960, le CFSI regroupe 24 organisations membres engag\u00e9es sur le terrain pour lutter contre la faim, la pauvret\u00e9 et les in\u00e9galit\u00e9s. Parmi ses diff\u00e9rents programmes, le CFSI coordonne le festival ALIMENTERRE depuis 2007, mis en \u0153uvre par le r\u00e9seau ALIMENTERRE, compos\u00e9 de partenaires nationaux et de coordinateurs sur les territoires.<\/span><\/em><\/p>\t\t\t\t\t\t\t\t<\/div>\n\t\t\t\t<\/div>\n\t\t\t\t\t<\/div>\n\t\t<\/div>\n\t\t\t\t\t<\/div>\n\t\t<\/section>\n\t\t\t\t<\/div>\n\t\t","protected":false},"excerpt":{"rendered":"<p>Dans le cadre du Festival Alimenterre, le&nbsp;lyc\u00e9e agricole de l&rsquo;Aulne&nbsp;organise la projection du film&nbsp;\u00ab\u00a0Une terre sans abeilles ?\u00a0\u00bb. La projection d\u00e9butera \u00e0&nbsp;20H00&nbsp;le&nbsp;mardi 29 novembre&nbsp;et sera suivi d&rsquo;un temps d&rsquo;\u00e9change avec un apiculteur, Gilbert PIEDNOIR. Vous pourrez \u00e9galement d\u00e9couvrir 2 expositions&hellip;&nbsp;<a href=\"https:\/\/lyceedelaulne.fr\/?p=5595\" class=\"more-link\">Lire la suite<\/a><\/p>\n","protected":false},"author":1,"featured_media":0,"comment_status":"closed","ping_status":"closed","sticky":false,"template":"","format":"standard","meta":{"footnotes":""},"categories":[22],"tags":[],"class_list":["post-5595","post","type-post","status-publish","format-standard","hentry","category-autres-evenements"],"_links":{"self":[{"href":"https:\/\/lyceedelaulne.fr\/index.php?rest_route=\/wp\/v2\/posts\/5595","targetHints":{"allow":["GET"]}}],"collection":[{"href":"https:\/\/lyceedelaulne.fr\/index.php?rest_route=\/wp\/v2\/posts"}],"about":[{"href":"https:\/\/lyceedelaulne.fr\/index.php?rest_route=\/wp\/v2\/types\/post"}],"author":[{"embeddable":true,"href":"https:\/\/lyceedelaulne.fr\/index.php?rest_route=\/wp\/v2\/users\/1"}],"replies":[{"embeddable":true,"href":"https:\/\/lyceedelaulne.fr\/index.php?rest_route=%2Fwp%2Fv2%2Fcomments&post=5595"}],"version-history":[{"count":7,"href":"https:\/\/lyceedelaulne.fr\/index.php?rest_route=\/wp\/v2\/posts\/5595\/revisions"}],"predecessor-version":[{"id":5606,"href":"https:\/\/lyceedelaulne.fr\/index.php?rest_route=\/wp\/v2\/posts\/5595\/revisions\/5606"}],"wp:attachment":[{"href":"https:\/\/lyceedelaulne.fr\/index.php?rest_route=%2Fwp%2Fv2%2Fmedia&parent=5595"}],"wp:term":[{"taxonomy":"category","embeddable":true,"href":"https:\/\/lyceedelaulne.fr\/index.php?rest_route=%2Fwp%2Fv2%2Fcategories&post=5595"},{"taxonomy":"post_tag","embeddable":true,"href":"https:\/\/lyceedelaulne.fr\/index.php?rest_route=%2Fwp%2Fv2%2Ftags&post=5595"}],"curies":[{"name":"wp","href":"https:\/\/api.w.org\/{rel}","templated":true}]}}