{"id":5246,"date":"2022-02-10T14:45:26","date_gmt":"2022-02-10T13:45:26","guid":{"rendered":"http:\/\/lyceedelaulne.fr\/?p=5246"},"modified":"2022-02-10T14:47:50","modified_gmt":"2022-02-10T13:47:50","slug":"taxe-dapprentissage","status":"publish","type":"post","link":"https:\/\/lyceedelaulne.fr\/?p=5246","title":{"rendered":"Taxe d&rsquo;apprentissage 2022"},"content":{"rendered":"\t\t<div data-elementor-type=\"wp-post\" data-elementor-id=\"5246\" class=\"elementor elementor-5246\">\n\t\t\t\t\t\t<section class=\"elementor-section elementor-top-section elementor-element elementor-element-7ca719d elementor-section-boxed elementor-section-height-default elementor-section-height-default\" data-id=\"7ca719d\" data-element_type=\"section\" data-e-type=\"section\">\n\t\t\t\t\t\t<div class=\"elementor-container elementor-column-gap-default\">\n\t\t\t\t\t<div class=\"elementor-column elementor-col-50 elementor-top-column elementor-element elementor-element-8082e69\" data-id=\"8082e69\" data-element_type=\"column\" data-e-type=\"column\">\n\t\t\t<div class=\"elementor-widget-wrap elementor-element-populated\">\n\t\t\t\t\t\t<div class=\"elementor-element elementor-element-1acd262 elementor-widget elementor-widget-text-editor\" data-id=\"1acd262\" data-element_type=\"widget\" data-e-type=\"widget\" data-widget_type=\"text-editor.default\">\n\t\t\t\t<div class=\"elementor-widget-container\">\n\t\t\t\t\t\t\t\t\t<p>Madame, monsieur,<\/p><p>Le dynamisme de la p\u00e9dagogie de l&rsquo;\u00e9tablissement s&rsquo;appuie sur un r\u00e9seau de partenaires et sur la collecte de la taxe d&rsquo;apprentissage. Nous avons le plaisir de vous solliciter afin que vous participez \u00e0 cet effort de formation par le versement de l&rsquo;imp\u00f4t 2022 soit par une promesse de num\u00e9raire soit de fournitures. Vous trouverez \u00e0 cet effet deux documents explicatifs. Nous restons \u00e0 votre disposition pour tout compl\u00e9ment d&rsquo;information.<\/p><p>Merci encore de votre soutien,<\/p><p>MP GOUSSET<\/p>\t\t\t\t\t\t\t\t<\/div>\n\t\t\t\t<\/div>\n\t\t\t\t\t<\/div>\n\t\t<\/div>\n\t\t\t\t<div class=\"elementor-column elementor-col-50 elementor-top-column elementor-element elementor-element-b62b76c\" data-id=\"b62b76c\" data-element_type=\"column\" data-e-type=\"column\">\n\t\t\t<div class=\"elementor-widget-wrap elementor-element-populated\">\n\t\t\t\t\t\t<div class=\"elementor-element elementor-element-bc9e67b elementor-widget elementor-widget-button\" data-id=\"bc9e67b\" data-element_type=\"widget\" data-e-type=\"widget\" data-widget_type=\"button.default\">\n\t\t\t\t<div class=\"elementor-widget-container\">\n\t\t\t\t\t\t\t\t\t<div class=\"elementor-button-wrapper\">\n\t\t\t\t\t<a class=\"elementor-button elementor-button-link elementor-size-md\" href=\"http:\/\/lyceedelaulne.fr\/wp-content\/uploads\/2022\/02\/PLAQUETTE-PRESENTATION-TAXE_APPRENTISSAGE_2022.pdf\" target=\"_blank\">\n\t\t\t\t\t\t<span class=\"elementor-button-content-wrapper\">\n\t\t\t\t\t\t\t\t\t<span class=\"elementor-button-text\">Pr\u00e9sentation de la taxe d'apprentissage 2022<\/span>\n\t\t\t\t\t<\/span>\n\t\t\t\t\t<\/a>\n\t\t\t\t<\/div>\n\t\t\t\t\t\t\t\t<\/div>\n\t\t\t\t<\/div>\n\t\t\t\t<div class=\"elementor-element elementor-element-6d58ae2 elementor-widget elementor-widget-button\" data-id=\"6d58ae2\" data-element_type=\"widget\" data-e-type=\"widget\" data-widget_type=\"button.default\">\n\t\t\t\t<div class=\"elementor-widget-container\">\n\t\t\t\t\t\t\t\t\t<div class=\"elementor-button-wrapper\">\n\t\t\t\t\t<a class=\"elementor-button elementor-button-link elementor-size-md\" href=\"http:\/\/lyceedelaulne.fr\/wp-content\/uploads\/2022\/02\/FORMULAIRE-TAXE-APPRENTISSAGE_2022.pdf\" target=\"_blank\">\n\t\t\t\t\t\t<span class=\"elementor-button-content-wrapper\">\n\t\t\t\t\t\t\t\t\t<span class=\"elementor-button-text\">Formulaire de la taxe d'apprentissage 2022<\/span>\n\t\t\t\t\t<\/span>\n\t\t\t\t\t<\/a>\n\t\t\t\t<\/div>\n\t\t\t\t\t\t\t\t<\/div>\n\t\t\t\t<\/div>\n\t\t\t\t\t<\/div>\n\t\t<\/div>\n\t\t\t\t\t<\/div>\n\t\t<\/section>\n\t\t\t\t<\/div>\n\t\t","protected":false},"excerpt":{"rendered":"<p>Madame, monsieur, Le dynamisme de la p\u00e9dagogie de l&rsquo;\u00e9tablissement s&rsquo;appuie sur un r\u00e9seau de partenaires et sur la collecte de la taxe d&rsquo;apprentissage. Nous avons le plaisir de vous solliciter afin que vous participez \u00e0 cet effort de formation par&hellip;&nbsp;<a href=\"https:\/\/lyceedelaulne.fr\/?p=5246\" class=\"more-link\">Lire la suite<\/a><\/p>\n","protected":false},"author":1,"featured_media":0,"comment_status":"open","ping_status":"open","sticky":false,"template":"","format":"standard","meta":{"footnotes":""},"categories":[22],"tags":[],"class_list":["post-5246","post","type-post","status-publish","format-standard","hentry","category-autres-evenements"],"_links":{"self":[{"href":"https:\/\/lyceedelaulne.fr\/index.php?rest_route=\/wp\/v2\/posts\/5246","targetHints":{"allow":["GET"]}}],"collection":[{"href":"https:\/\/lyceedelaulne.fr\/index.php?rest_route=\/wp\/v2\/posts"}],"about":[{"href":"https:\/\/lyceedelaulne.fr\/index.php?rest_route=\/wp\/v2\/types\/post"}],"author":[{"embeddable":true,"href":"https:\/\/lyceedelaulne.fr\/index.php?rest_route=\/wp\/v2\/users\/1"}],"replies":[{"embeddable":true,"href":"https:\/\/lyceedelaulne.fr\/index.php?rest_route=%2Fwp%2Fv2%2Fcomments&post=5246"}],"version-history":[{"count":5,"href":"https:\/\/lyceedelaulne.fr\/index.php?rest_route=\/wp\/v2\/posts\/5246\/revisions"}],"predecessor-version":[{"id":5253,"href":"https:\/\/lyceedelaulne.fr\/index.php?rest_route=\/wp\/v2\/posts\/5246\/revisions\/5253"}],"wp:attachment":[{"href":"https:\/\/lyceedelaulne.fr\/index.php?rest_route=%2Fwp%2Fv2%2Fmedia&parent=5246"}],"wp:term":[{"taxonomy":"category","embeddable":true,"href":"https:\/\/lyceedelaulne.fr\/index.php?rest_route=%2Fwp%2Fv2%2Fcategories&post=5246"},{"taxonomy":"post_tag","embeddable":true,"href":"https:\/\/lyceedelaulne.fr\/index.php?rest_route=%2Fwp%2Fv2%2Ftags&post=5246"}],"curies":[{"name":"wp","href":"https:\/\/api.w.org\/{rel}","templated":true}]}}