{"id":4904,"date":"2021-05-28T11:46:43","date_gmt":"2021-05-28T09:46:43","guid":{"rendered":"http:\/\/lyceedelaulne.fr\/?p=4904"},"modified":"2021-12-16T12:04:11","modified_gmt":"2021-12-16T11:04:11","slug":"elementor-4904","status":"publish","type":"post","link":"https:\/\/lyceedelaulne.fr\/?p=4904","title":{"rendered":"Philo : chien au lyc\u00e9e de l&rsquo;Aulne"},"content":{"rendered":"\t\t<div data-elementor-type=\"wp-post\" data-elementor-id=\"4904\" class=\"elementor elementor-4904\">\n\t\t\t\t\t\t<section class=\"elementor-section elementor-top-section elementor-element elementor-element-1ab1fbdd elementor-section-boxed elementor-section-height-default elementor-section-height-default\" data-id=\"1ab1fbdd\" data-element_type=\"section\" data-e-type=\"section\">\n\t\t\t\t\t\t<div class=\"elementor-container elementor-column-gap-default\">\n\t\t\t\t\t<div class=\"elementor-column elementor-col-100 elementor-top-column elementor-element elementor-element-4db2be34\" data-id=\"4db2be34\" data-element_type=\"column\" data-e-type=\"column\">\n\t\t\t<div class=\"elementor-widget-wrap elementor-element-populated\">\n\t\t\t\t\t\t<div class=\"elementor-element elementor-element-6da1db66 elementor-widget elementor-widget-heading\" data-id=\"6da1db66\" data-element_type=\"widget\" data-e-type=\"widget\" data-widget_type=\"heading.default\">\n\t\t\t\t<div class=\"elementor-widget-container\">\n\t\t\t\t\t<h2 class=\"elementor-heading-title elementor-size-default\">Philo, le chien d'assistance pour la r\u00e9ussite scolaire<\/h2>\t\t\t\t<\/div>\n\t\t\t\t<\/div>\n\t\t\t\t\t<\/div>\n\t\t<\/div>\n\t\t\t\t\t<\/div>\n\t\t<\/section>\n\t\t\t\t<section class=\"elementor-section elementor-top-section elementor-element elementor-element-16b443e2 elementor-section-boxed elementor-section-height-default elementor-section-height-default\" data-id=\"16b443e2\" data-element_type=\"section\" data-e-type=\"section\">\n\t\t\t\t\t\t<div class=\"elementor-container elementor-column-gap-default\">\n\t\t\t\t\t<div class=\"elementor-column elementor-col-50 elementor-top-column elementor-element elementor-element-7a13b5aa\" data-id=\"7a13b5aa\" data-element_type=\"column\" data-e-type=\"column\">\n\t\t\t<div class=\"elementor-widget-wrap elementor-element-populated\">\n\t\t\t\t\t\t<div class=\"elementor-element elementor-element-229dc36 elementor-widget elementor-widget-text-editor\" data-id=\"229dc36\" data-element_type=\"widget\" data-e-type=\"widget\" data-widget_type=\"text-editor.default\">\n\t\t\t\t<div class=\"elementor-widget-container\">\n\t\t\t\t\t\t\t\t\t<p>Le projet d&rsquo;accueil d&rsquo;un chien d&rsquo;accompagnement pour la r\u00e9ussite scolaire m\u00fbrit dans les esprits de l&rsquo;\u00e9quipe du lyc\u00e9e depuis des mois. Un groupe de personnels de tous les servies, extr\u00eamement motiv\u00e9, a construit la demande aupr\u00e8s de l&rsquo;association Handichiens qui a accept\u00e9 de nous confier un magnifique Labrador chocolat de 2 ans du nom de Philo. Sp\u00e9cifiquement form\u00e9 \u00e0 la m\u00e9diation en \u00e9tablissement scolaire, Philo pourra \u00e0 partir de maintenant aider les \u00e9quipes dans leur p\u00e9dagogie et dans l&rsquo;accompagnement apport\u00e9 aux apprenants :<br \/>&#8211; Philo sujet d&rsquo;un cours : en math\u00e9matiques, calcul du nombre de sacs de croquettes \u00e0 acheter pour l&rsquo;ann\u00e9e ; en am\u00e9nagement paysager, : construction d&rsquo;un parc de d\u00e9tente pour que l&rsquo;animal se d\u00e9tende, en Services \u00e0 la personne : diverses activit\u00e9s de m\u00e9diation avec tous types de publics &#8230;<br \/>&#8211; Philo comme vecteur de bien \u00eatre : qui peut mieux recevoir les confidences d&rsquo;un \u00e9l\u00e8ve lors de ses moments de blues ou d&rsquo;angoisse \u00e0 l&rsquo;approche des examens ?<\/p><p>L&rsquo;\u00e9quipe du lyc\u00e9e de Ch\u00e2teaulin tient \u00e0 remercier la famille d&rsquo;accueil de Philo qui l&rsquo;a pr\u00e9 \u00e9duqu\u00e9 durant 18 mois, l&rsquo;association Handichiens et son centre d&rsquo;Alen\u00e7on et la Fondation Pierre et Adrienne SOMMER pour leur soutien dans cette nouvelle aventure pour l&rsquo;\u00e9tablissement<\/p>\t\t\t\t\t\t\t\t<\/div>\n\t\t\t\t<\/div>\n\t\t\t\t\t<\/div>\n\t\t<\/div>\n\t\t\t\t<div class=\"elementor-column elementor-col-50 elementor-top-column elementor-element elementor-element-397753ba\" data-id=\"397753ba\" data-element_type=\"column\" data-e-type=\"column\">\n\t\t\t<div class=\"elementor-widget-wrap elementor-element-populated\">\n\t\t\t\t\t\t<div class=\"elementor-element elementor-element-a684611 elementor-widget elementor-widget-image\" data-id=\"a684611\" data-element_type=\"widget\" data-e-type=\"widget\" data-widget_type=\"image.default\">\n\t\t\t\t<div class=\"elementor-widget-container\">\n\t\t\t\t\t\t\t\t\t\t\t\t\t\t\t<img fetchpriority=\"high\" decoding=\"async\" width=\"615\" height=\"820\" src=\"https:\/\/lyceedelaulne.fr\/wp-content\/uploads\/2021\/05\/Philo-2.jpg\" class=\"attachment-large size-large wp-image-4912\" alt=\"Philo 2 chien au lyc\u00e9e de l&#039;Aulne\" srcset=\"https:\/\/lyceedelaulne.fr\/wp-content\/uploads\/2021\/05\/Philo-2.jpg 615w, https:\/\/lyceedelaulne.fr\/wp-content\/uploads\/2021\/05\/Philo-2-225x300.jpg 225w, https:\/\/lyceedelaulne.fr\/wp-content\/uploads\/2021\/05\/Philo-2-203x270.jpg 203w\" sizes=\"(max-width: 615px) 100vw, 615px\" \/>\t\t\t\t\t\t\t\t\t\t\t\t\t\t\t<\/div>\n\t\t\t\t<\/div>\n\t\t\t\t\t<\/div>\n\t\t<\/div>\n\t\t\t\t\t<\/div>\n\t\t<\/section>\n\t\t\t\t<section class=\"elementor-section elementor-top-section elementor-element elementor-element-ffbae77 elementor-section-boxed elementor-section-height-default elementor-section-height-default\" data-id=\"ffbae77\" data-element_type=\"section\" data-e-type=\"section\">\n\t\t\t\t\t\t<div class=\"elementor-container elementor-column-gap-default\">\n\t\t\t\t\t<div class=\"elementor-column elementor-col-50 elementor-top-column elementor-element elementor-element-12a87b7\" data-id=\"12a87b7\" data-element_type=\"column\" data-e-type=\"column\">\n\t\t\t<div class=\"elementor-widget-wrap elementor-element-populated\">\n\t\t\t\t\t\t<div class=\"elementor-element elementor-element-d044e1c elementor-widget elementor-widget-image\" data-id=\"d044e1c\" data-element_type=\"widget\" data-e-type=\"widget\" data-widget_type=\"image.default\">\n\t\t\t\t<div class=\"elementor-widget-container\">\n\t\t\t\t\t\t\t\t\t\t\t\t\t\t\t<img decoding=\"async\" width=\"540\" height=\"720\" src=\"https:\/\/lyceedelaulne.fr\/wp-content\/uploads\/2021\/05\/Philo-1.jpg\" class=\"attachment-large size-large wp-image-4911\" alt=\"Philo 1 chien au lyc\u00e9e de l&#039;Aulne\" srcset=\"https:\/\/lyceedelaulne.fr\/wp-content\/uploads\/2021\/05\/Philo-1.jpg 540w, https:\/\/lyceedelaulne.fr\/wp-content\/uploads\/2021\/05\/Philo-1-225x300.jpg 225w, https:\/\/lyceedelaulne.fr\/wp-content\/uploads\/2021\/05\/Philo-1-203x270.jpg 203w\" sizes=\"(max-width: 540px) 100vw, 540px\" \/>\t\t\t\t\t\t\t\t\t\t\t\t\t\t\t<\/div>\n\t\t\t\t<\/div>\n\t\t\t\t\t<\/div>\n\t\t<\/div>\n\t\t\t\t<div class=\"elementor-column elementor-col-50 elementor-top-column elementor-element elementor-element-d445907\" data-id=\"d445907\" data-element_type=\"column\" data-e-type=\"column\">\n\t\t\t<div class=\"elementor-widget-wrap elementor-element-populated\">\n\t\t\t\t\t\t<div class=\"elementor-element elementor-element-8979236 elementor-widget elementor-widget-image\" data-id=\"8979236\" data-element_type=\"widget\" data-e-type=\"widget\" data-widget_type=\"image.default\">\n\t\t\t\t<div class=\"elementor-widget-container\">\n\t\t\t\t\t\t\t\t\t\t\t\t\t\t\t<img decoding=\"async\" width=\"720\" height=\"960\" src=\"https:\/\/lyceedelaulne.fr\/wp-content\/uploads\/2021\/05\/Philo-3.jpg\" class=\"attachment-large size-large wp-image-4913\" alt=\"Philo 3 chien au lyc\u00e9e de l&#039;Aulne\" srcset=\"https:\/\/lyceedelaulne.fr\/wp-content\/uploads\/2021\/05\/Philo-3.jpg 720w, https:\/\/lyceedelaulne.fr\/wp-content\/uploads\/2021\/05\/Philo-3-225x300.jpg 225w, https:\/\/lyceedelaulne.fr\/wp-content\/uploads\/2021\/05\/Philo-3-203x270.jpg 203w\" sizes=\"(max-width: 720px) 100vw, 720px\" \/>\t\t\t\t\t\t\t\t\t\t\t\t\t\t\t<\/div>\n\t\t\t\t<\/div>\n\t\t\t\t\t<\/div>\n\t\t<\/div>\n\t\t\t\t\t<\/div>\n\t\t<\/section>\n\t\t\t\t<section class=\"elementor-section elementor-top-section elementor-element elementor-element-fcec011 elementor-section-boxed elementor-section-height-default elementor-section-height-default\" data-id=\"fcec011\" data-element_type=\"section\" data-e-type=\"section\">\n\t\t\t\t\t\t<div class=\"elementor-container elementor-column-gap-default\">\n\t\t\t\t\t<div class=\"elementor-column elementor-col-33 elementor-top-column elementor-element elementor-element-1bd4f1c\" data-id=\"1bd4f1c\" data-element_type=\"column\" data-e-type=\"column\">\n\t\t\t<div class=\"elementor-widget-wrap elementor-element-populated\">\n\t\t\t\t\t\t<div class=\"elementor-element elementor-element-a06af09 elementor-widget elementor-widget-image\" data-id=\"a06af09\" data-element_type=\"widget\" data-e-type=\"widget\" data-widget_type=\"image.default\">\n\t\t\t\t<div class=\"elementor-widget-container\">\n\t\t\t\t\t\t\t\t\t\t\t\t\t\t\t\t<a href=\"https:\/\/handichiens.org\/\" target=\"_blank\">\n\t\t\t\t\t\t\t<img loading=\"lazy\" decoding=\"async\" width=\"300\" height=\"300\" src=\"https:\/\/lyceedelaulne.fr\/wp-content\/uploads\/2021\/05\/logo-v-rond-avec-police-5EB6DE-72PPI-300x300.png\" class=\"attachment-medium size-medium wp-image-4915\" alt=\"\" srcset=\"https:\/\/lyceedelaulne.fr\/wp-content\/uploads\/2021\/05\/logo-v-rond-avec-police-5EB6DE-72PPI-300x300.png 300w, https:\/\/lyceedelaulne.fr\/wp-content\/uploads\/2021\/05\/logo-v-rond-avec-police-5EB6DE-72PPI-150x150.png 150w, https:\/\/lyceedelaulne.fr\/wp-content\/uploads\/2021\/05\/logo-v-rond-avec-police-5EB6DE-72PPI-768x768.png 768w, https:\/\/lyceedelaulne.fr\/wp-content\/uploads\/2021\/05\/logo-v-rond-avec-police-5EB6DE-72PPI-270x270.png 270w, https:\/\/lyceedelaulne.fr\/wp-content\/uploads\/2021\/05\/logo-v-rond-avec-police-5EB6DE-72PPI.png 954w\" sizes=\"(max-width: 300px) 100vw, 300px\" \/>\t\t\t\t\t\t\t\t<\/a>\n\t\t\t\t\t\t\t\t\t\t\t\t\t\t\t<\/div>\n\t\t\t\t<\/div>\n\t\t\t\t\t<\/div>\n\t\t<\/div>\n\t\t\t\t<div class=\"elementor-column elementor-col-33 elementor-top-column elementor-element elementor-element-f233e82\" data-id=\"f233e82\" data-element_type=\"column\" data-e-type=\"column\">\n\t\t\t<div class=\"elementor-widget-wrap elementor-element-populated\">\n\t\t\t\t\t\t<div class=\"elementor-element elementor-element-4c9e9ce elementor-widget elementor-widget-image\" data-id=\"4c9e9ce\" data-element_type=\"widget\" data-e-type=\"widget\" data-widget_type=\"image.default\">\n\t\t\t\t<div class=\"elementor-widget-container\">\n\t\t\t\t\t\t\t\t\t\t\t\t\t\t\t\t<a href=\"https:\/\/fondation-apsommer.org\/\" target=\"_blank\">\n\t\t\t\t\t\t\t<img loading=\"lazy\" decoding=\"async\" width=\"1024\" height=\"463\" src=\"https:\/\/lyceedelaulne.fr\/wp-content\/uploads\/2021\/05\/LOGO-FONDATION-SOMMER-2017-1024x463.jpg\" class=\"attachment-large size-large wp-image-4914\" alt=\"Philo chien au lyc\u00e9e de l&#039;Aulne\" srcset=\"https:\/\/lyceedelaulne.fr\/wp-content\/uploads\/2021\/05\/LOGO-FONDATION-SOMMER-2017-1024x463.jpg 1024w, https:\/\/lyceedelaulne.fr\/wp-content\/uploads\/2021\/05\/LOGO-FONDATION-SOMMER-2017-300x136.jpg 300w, https:\/\/lyceedelaulne.fr\/wp-content\/uploads\/2021\/05\/LOGO-FONDATION-SOMMER-2017-768x347.jpg 768w, https:\/\/lyceedelaulne.fr\/wp-content\/uploads\/2021\/05\/LOGO-FONDATION-SOMMER-2017-360x163.jpg 360w\" sizes=\"(max-width: 1024px) 100vw, 1024px\" \/>\t\t\t\t\t\t\t\t<\/a>\n\t\t\t\t\t\t\t\t\t\t\t\t\t\t\t<\/div>\n\t\t\t\t<\/div>\n\t\t\t\t\t<\/div>\n\t\t<\/div>\n\t\t\t\t<div class=\"elementor-column elementor-col-33 elementor-top-column elementor-element elementor-element-50351ed\" data-id=\"50351ed\" data-element_type=\"column\" data-e-type=\"column\">\n\t\t\t<div class=\"elementor-widget-wrap\">\n\t\t\t\t\t\t\t<\/div>\n\t\t<\/div>\n\t\t\t\t\t<\/div>\n\t\t<\/section>\n\t\t\t\t<\/div>\n\t\t","protected":false},"excerpt":{"rendered":"<p>Philo, le chien d&rsquo;assistance pour la r\u00e9ussite scolaire Le projet d&rsquo;accueil d&rsquo;un chien d&rsquo;accompagnement pour la r\u00e9ussite scolaire m\u00fbrit dans les esprits de l&rsquo;\u00e9quipe du lyc\u00e9e depuis des mois. Un groupe de personnels de tous les servies, extr\u00eamement motiv\u00e9, a&hellip;&nbsp;<a href=\"https:\/\/lyceedelaulne.fr\/?p=4904\" class=\"more-link\">Lire la suite<\/a><\/p>\n","protected":false},"author":1,"featured_media":0,"comment_status":"open","ping_status":"open","sticky":false,"template":"","format":"standard","meta":{"footnotes":""},"categories":[1],"tags":[],"class_list":["post-4904","post","type-post","status-publish","format-standard","hentry","category-non-classe"],"_links":{"self":[{"href":"https:\/\/lyceedelaulne.fr\/index.php?rest_route=\/wp\/v2\/posts\/4904","targetHints":{"allow":["GET"]}}],"collection":[{"href":"https:\/\/lyceedelaulne.fr\/index.php?rest_route=\/wp\/v2\/posts"}],"about":[{"href":"https:\/\/lyceedelaulne.fr\/index.php?rest_route=\/wp\/v2\/types\/post"}],"author":[{"embeddable":true,"href":"https:\/\/lyceedelaulne.fr\/index.php?rest_route=\/wp\/v2\/users\/1"}],"replies":[{"embeddable":true,"href":"https:\/\/lyceedelaulne.fr\/index.php?rest_route=%2Fwp%2Fv2%2Fcomments&post=4904"}],"version-history":[{"count":11,"href":"https:\/\/lyceedelaulne.fr\/index.php?rest_route=\/wp\/v2\/posts\/4904\/revisions"}],"predecessor-version":[{"id":4929,"href":"https:\/\/lyceedelaulne.fr\/index.php?rest_route=\/wp\/v2\/posts\/4904\/revisions\/4929"}],"wp:attachment":[{"href":"https:\/\/lyceedelaulne.fr\/index.php?rest_route=%2Fwp%2Fv2%2Fmedia&parent=4904"}],"wp:term":[{"taxonomy":"category","embeddable":true,"href":"https:\/\/lyceedelaulne.fr\/index.php?rest_route=%2Fwp%2Fv2%2Fcategories&post=4904"},{"taxonomy":"post_tag","embeddable":true,"href":"https:\/\/lyceedelaulne.fr\/index.php?rest_route=%2Fwp%2Fv2%2Ftags&post=4904"}],"curies":[{"name":"wp","href":"https:\/\/api.w.org\/{rel}","templated":true}]}}