{"id":4882,"date":"2021-05-11T13:27:41","date_gmt":"2021-05-11T11:27:41","guid":{"rendered":"http:\/\/lyceedelaulne.fr\/?p=4882"},"modified":"2021-12-16T12:09:24","modified_gmt":"2021-12-16T11:09:24","slug":"enseignement-agricole-cestfaitpourmoi","status":"publish","type":"post","link":"https:\/\/lyceedelaulne.fr\/?p=4882","title":{"rendered":"Enseignement agricole #CestFaitPourMoi!"},"content":{"rendered":"\t\t<div data-elementor-type=\"wp-post\" data-elementor-id=\"4882\" class=\"elementor elementor-4882\">\n\t\t\t\t\t\t<section class=\"elementor-section elementor-top-section elementor-element elementor-element-62e224b elementor-section-boxed elementor-section-height-default elementor-section-height-default\" data-id=\"62e224b\" data-element_type=\"section\" data-e-type=\"section\">\n\t\t\t\t\t\t<div class=\"elementor-container elementor-column-gap-default\">\n\t\t\t\t\t<div class=\"elementor-column elementor-col-100 elementor-top-column elementor-element elementor-element-77595b9\" data-id=\"77595b9\" data-element_type=\"column\" data-e-type=\"column\">\n\t\t\t<div class=\"elementor-widget-wrap elementor-element-populated\">\n\t\t\t\t\t\t<div class=\"elementor-element elementor-element-dce0bd9 elementor-widget elementor-widget-heading\" data-id=\"dce0bd9\" data-element_type=\"widget\" data-e-type=\"widget\" data-widget_type=\"heading.default\">\n\t\t\t\t<div class=\"elementor-widget-container\">\n\t\t\t\t\t<h2 class=\"elementor-heading-title elementor-size-default\">Campagne de promotion de l'enseignement agricole 2021 en 3 actes<\/h2>\t\t\t\t<\/div>\n\t\t\t\t<\/div>\n\t\t\t\t\t<\/div>\n\t\t<\/div>\n\t\t\t\t\t<\/div>\n\t\t<\/section>\n\t\t\t\t<section class=\"elementor-section elementor-top-section elementor-element elementor-element-8ec52bb elementor-section-boxed elementor-section-height-default elementor-section-height-default\" data-id=\"8ec52bb\" data-element_type=\"section\" data-e-type=\"section\">\n\t\t\t\t\t\t<div class=\"elementor-container elementor-column-gap-default\">\n\t\t\t\t\t<div class=\"elementor-column elementor-col-50 elementor-top-column elementor-element elementor-element-05b0770\" data-id=\"05b0770\" data-element_type=\"column\" data-e-type=\"column\">\n\t\t\t<div class=\"elementor-widget-wrap elementor-element-populated\">\n\t\t\t\t\t\t<div class=\"elementor-element elementor-element-ff1ee9a elementor-widget elementor-widget-text-editor\" data-id=\"ff1ee9a\" data-element_type=\"widget\" data-e-type=\"widget\" data-widget_type=\"text-editor.default\">\n\t\t\t\t<div class=\"elementor-widget-container\">\n\t\t\t\t\t\t\t\t\t<ul><li><strong>Acte 1\u00a0: T\u00e9moignages vid\u00e9o d\u2019\u00e9l\u00e8ves qui parlent de leur formation agricole<\/strong><\/li><\/ul><p><strong>Instagram<\/strong> \u2013 mise en ligne de 24 vid\u00e9os ludique\u00a0:<\/p><p>L\u2019Aventure du\u00a0 Vivant <span style=\"color: #0000ff;\"><a style=\"color: #0000ff;\" href=\"https:\/\/www.instagram.com\/explore\/tags\/cestfaitpourmoi\/\">https:\/\/www.instagram.com\/explore\/tags\/cestfaitpourmoi\/<\/a><\/span><\/p><p>Derri\u00e8re notre mosa\u00efque, allez \u00e0 la rencontre de jeunes de l\u2019enseignement agricole <a href=\"https:\/\/www.laventureduvivant.fr\/\" target=\"_blank\" rel=\"noopener\"><span style=\"color: #0000ff;\">www.laventureduvivant.fr<\/span><\/a><\/p><p><strong>Page Facebook de l\u2019enseignement agricole de Bretagne<\/strong> sur laquelle la DRAAF va publier \u00e0 partir de la semaine prochaine les diff\u00e9rentes vid\u00e9os tout le long du moi de mai.<\/p><p><span style=\"color: #0000ff;\"><a style=\"color: #0000ff;\" href=\"https:\/\/www.facebook.com\/EnseignementAgricoleBretagne\/\">https:\/\/www.facebook.com\/EnseignementAgricoleBretagne\/<\/a><\/span><\/p><ul><li><strong>Acte 2\u00a0: Interventions d\u2019influenceurs<\/strong> (\u00e0 partir du 11 mai)<\/li><\/ul><ul><li><strong>Acte 3\u00a0: Communication via la plateforme de jeu en ligne twich<\/strong><\/li><\/ul><p>Cette campagne prendra fin \u00e0 la fin du mois de mai et sera suivie d\u2019une nouvelle campagne \u00e0 partir du 28 juin plus ax\u00e9e sur les m\u00e9tiers.<\/p>\t\t\t\t\t\t\t\t<\/div>\n\t\t\t\t<\/div>\n\t\t\t\t\t<\/div>\n\t\t<\/div>\n\t\t\t\t<div class=\"elementor-column elementor-col-50 elementor-top-column elementor-element elementor-element-3c632d8\" data-id=\"3c632d8\" data-element_type=\"column\" data-e-type=\"column\">\n\t\t\t<div class=\"elementor-widget-wrap elementor-element-populated\">\n\t\t\t\t\t\t<div class=\"elementor-element elementor-element-5a8511a elementor-widget elementor-widget-image\" data-id=\"5a8511a\" data-element_type=\"widget\" data-e-type=\"widget\" data-widget_type=\"image.default\">\n\t\t\t\t<div class=\"elementor-widget-container\">\n\t\t\t\t\t\t\t\t\t\t\t\t\t\t\t<img fetchpriority=\"high\" decoding=\"async\" width=\"768\" height=\"1086\" src=\"https:\/\/lyceedelaulne.fr\/wp-content\/uploads\/2021\/05\/Affiche-CestFaitPourMoi-768x1086.jpg\" class=\"attachment-medium_large size-medium_large wp-image-4885\" alt=\"\" srcset=\"https:\/\/lyceedelaulne.fr\/wp-content\/uploads\/2021\/05\/Affiche-CestFaitPourMoi-768x1086.jpg 768w, https:\/\/lyceedelaulne.fr\/wp-content\/uploads\/2021\/05\/Affiche-CestFaitPourMoi-212x300.jpg 212w, https:\/\/lyceedelaulne.fr\/wp-content\/uploads\/2021\/05\/Affiche-CestFaitPourMoi-724x1024.jpg 724w, https:\/\/lyceedelaulne.fr\/wp-content\/uploads\/2021\/05\/Affiche-CestFaitPourMoi-191x270.jpg 191w\" sizes=\"(max-width: 768px) 100vw, 768px\" \/>\t\t\t\t\t\t\t\t\t\t\t\t\t\t\t<\/div>\n\t\t\t\t<\/div>\n\t\t\t\t\t<\/div>\n\t\t<\/div>\n\t\t\t\t\t<\/div>\n\t\t<\/section>\n\t\t\t\t<\/div>\n\t\t","protected":false},"excerpt":{"rendered":"<p>Campagne de promotion de l&rsquo;enseignement agricole 2021 en 3 actes Acte 1&nbsp;: T\u00e9moignages vid\u00e9o d\u2019\u00e9l\u00e8ves qui parlent de leur formation agricole Instagram \u2013 mise en ligne de 24 vid\u00e9os ludique&nbsp;: L\u2019Aventure du&nbsp; Vivant https:\/\/www.instagram.com\/explore\/tags\/cestfaitpourmoi\/ Derri\u00e8re notre mosa\u00efque, allez \u00e0 la&hellip;&nbsp;<a href=\"https:\/\/lyceedelaulne.fr\/?p=4882\" class=\"more-link\">Lire la suite<\/a><\/p>\n","protected":false},"author":1,"featured_media":0,"comment_status":"open","ping_status":"open","sticky":false,"template":"","format":"standard","meta":{"footnotes":""},"categories":[22,1],"tags":[],"class_list":["post-4882","post","type-post","status-publish","format-standard","hentry","category-autres-evenements","category-non-classe"],"_links":{"self":[{"href":"https:\/\/lyceedelaulne.fr\/index.php?rest_route=\/wp\/v2\/posts\/4882","targetHints":{"allow":["GET"]}}],"collection":[{"href":"https:\/\/lyceedelaulne.fr\/index.php?rest_route=\/wp\/v2\/posts"}],"about":[{"href":"https:\/\/lyceedelaulne.fr\/index.php?rest_route=\/wp\/v2\/types\/post"}],"author":[{"embeddable":true,"href":"https:\/\/lyceedelaulne.fr\/index.php?rest_route=\/wp\/v2\/users\/1"}],"replies":[{"embeddable":true,"href":"https:\/\/lyceedelaulne.fr\/index.php?rest_route=%2Fwp%2Fv2%2Fcomments&post=4882"}],"version-history":[{"count":4,"href":"https:\/\/lyceedelaulne.fr\/index.php?rest_route=\/wp\/v2\/posts\/4882\/revisions"}],"predecessor-version":[{"id":4891,"href":"https:\/\/lyceedelaulne.fr\/index.php?rest_route=\/wp\/v2\/posts\/4882\/revisions\/4891"}],"wp:attachment":[{"href":"https:\/\/lyceedelaulne.fr\/index.php?rest_route=%2Fwp%2Fv2%2Fmedia&parent=4882"}],"wp:term":[{"taxonomy":"category","embeddable":true,"href":"https:\/\/lyceedelaulne.fr\/index.php?rest_route=%2Fwp%2Fv2%2Fcategories&post=4882"},{"taxonomy":"post_tag","embeddable":true,"href":"https:\/\/lyceedelaulne.fr\/index.php?rest_route=%2Fwp%2Fv2%2Ftags&post=4882"}],"curies":[{"name":"wp","href":"https:\/\/api.w.org\/{rel}","templated":true}]}}