{"id":4782,"date":"2021-04-01T17:00:05","date_gmt":"2021-04-01T15:00:05","guid":{"rendered":"http:\/\/lyceedelaulne.fr\/?p=4782"},"modified":"2021-04-06T11:23:22","modified_gmt":"2021-04-06T09:23:22","slug":"elementor-4782","status":"publish","type":"post","link":"https:\/\/lyceedelaulne.fr\/?p=4782","title":{"rendered":"Jardini\u00e8res en f\u00eate 2021"},"content":{"rendered":"\t\t<div data-elementor-type=\"wp-post\" data-elementor-id=\"4782\" class=\"elementor elementor-4782\">\n\t\t\t\t\t\t<section class=\"elementor-section elementor-top-section elementor-element elementor-element-42a06f6e elementor-section-boxed elementor-section-height-default elementor-section-height-default\" data-id=\"42a06f6e\" data-element_type=\"section\" data-e-type=\"section\">\n\t\t\t\t\t\t<div class=\"elementor-container elementor-column-gap-default\">\n\t\t\t\t\t<div class=\"elementor-column elementor-col-100 elementor-top-column elementor-element elementor-element-21d22054\" data-id=\"21d22054\" data-element_type=\"column\" data-e-type=\"column\">\n\t\t\t<div class=\"elementor-widget-wrap elementor-element-populated\">\n\t\t\t\t\t\t<div class=\"elementor-element elementor-element-23ddfad2 elementor-widget elementor-widget-heading\" data-id=\"23ddfad2\" data-element_type=\"widget\" data-e-type=\"widget\" data-widget_type=\"heading.default\">\n\t\t\t\t<div class=\"elementor-widget-container\">\n\t\t\t\t\t<h2 class=\"elementor-heading-title elementor-size-default\">Lyc\u00e9e de l'Aulne : Jardini\u00e8res en f\u00eate<\/h2>\t\t\t\t<\/div>\n\t\t\t\t<\/div>\n\t\t\t\t\t<\/div>\n\t\t<\/div>\n\t\t\t\t\t<\/div>\n\t\t<\/section>\n\t\t\t\t<section class=\"elementor-section elementor-top-section elementor-element elementor-element-25df50a3 elementor-section-boxed elementor-section-height-default elementor-section-height-default\" data-id=\"25df50a3\" data-element_type=\"section\" data-e-type=\"section\">\n\t\t\t\t\t\t<div class=\"elementor-container elementor-column-gap-default\">\n\t\t\t\t\t<div class=\"elementor-column elementor-col-50 elementor-top-column elementor-element elementor-element-7d2c6578\" data-id=\"7d2c6578\" data-element_type=\"column\" data-e-type=\"column\">\n\t\t\t<div class=\"elementor-widget-wrap elementor-element-populated\">\n\t\t\t\t\t\t<div class=\"elementor-element elementor-element-60ec1cbb elementor-widget elementor-widget-text-editor\" data-id=\"60ec1cbb\" data-element_type=\"widget\" data-e-type=\"widget\" data-widget_type=\"text-editor.default\">\n\t\t\t\t<div class=\"elementor-widget-container\">\n\t\t\t\t\t\t\t\t\t<p>Les \u00e9l\u00e8ves de<strong> Terminale TCV<\/strong> au lyc\u00e9e de l\u2019Aulne organisent une op\u00e9ration de confection de jardini\u00e8res : \u00ab les jardini\u00e8res en f\u00eate \u00bb.<\/p><p>Vous venez d\u00e9poser vos contenants avec une r\u00e9servation pr\u00e9alable des plants sur le site du lyc\u00e9e et nous les garnirons de jolis v\u00e9g\u00e9taux.<\/p><p>Le d\u00e9p\u00f4t s\u2019effectue le <strong>lundi 12 et mardi 13 avril<\/strong> aux serres du lyc\u00e9e et ils seront \u00e0 retirer le<strong> vendredi 14 mai<\/strong>.<\/p><p>Nous allons les entretenir, mettre de l\u2019engrais, les chouchouter et les faire fleurir pour ensuite les d\u00e9poser directement dans votre jardin ou sur votre balcon.<\/p><p>Le tarif est de 4 euros par plant (terreau compris), il faut compter environ un v\u00e9g\u00e9tal pour 13 cm de jardini\u00e8re.<\/p><p>Ainsi si vous avez une jardini\u00e8re de 40 cm, vous aurez 3 plants, l\u2019ensemble vous sera factur\u00e9 12 euros.<\/p><p>Cliquer sur le bouton ci-contre pour t\u00e9l\u00e9charger le bon de commande et\u00a0 renvoyez-le \u00e0 l\u2019adresse :<\/p><p align=\"left\"><span style=\"text-decoration: underline; color: #000000;\"><em><span lang=\"zxx\"><a style=\"color: #000000;\" href=\"mailto:plantdefraisier@lyceedelaulne.fr\"><span lang=\"fr-FR\">jardiniereenfete@lyceedelaulne.fr<\/span><\/a><\/span><\/em><\/span><\/p>\t\t\t\t\t\t\t\t<\/div>\n\t\t\t\t<\/div>\n\t\t\t\t\t<\/div>\n\t\t<\/div>\n\t\t\t\t<div class=\"elementor-column elementor-col-50 elementor-top-column elementor-element elementor-element-66ed771b\" data-id=\"66ed771b\" data-element_type=\"column\" data-e-type=\"column\">\n\t\t\t<div class=\"elementor-widget-wrap elementor-element-populated\">\n\t\t\t\t\t\t<div class=\"elementor-element elementor-element-d31f9df elementor-button-info elementor-align-center elementor-widget elementor-widget-button\" data-id=\"d31f9df\" data-element_type=\"widget\" data-e-type=\"widget\" data-widget_type=\"button.default\">\n\t\t\t\t<div class=\"elementor-widget-container\">\n\t\t\t\t\t\t\t\t\t<div class=\"elementor-button-wrapper\">\n\t\t\t\t\t<a class=\"elementor-button elementor-button-link elementor-size-lg\" href=\"http:\/\/lyceedelaulne.fr\/wp-content\/uploads\/2021\/04\/Les-jardini\u00e8res-en-F\u00eates-bc.pdf\" target=\"_blank\">\n\t\t\t\t\t\t<span class=\"elementor-button-content-wrapper\">\n\t\t\t\t\t\t\t\t\t<span class=\"elementor-button-text\">Bon de commande<\/span>\n\t\t\t\t\t<\/span>\n\t\t\t\t\t<\/a>\n\t\t\t\t<\/div>\n\t\t\t\t\t\t\t\t<\/div>\n\t\t\t\t<\/div>\n\t\t\t\t<div class=\"elementor-element elementor-element-31a2f25 elementor-widget elementor-widget-image\" data-id=\"31a2f25\" data-element_type=\"widget\" data-e-type=\"widget\" data-widget_type=\"image.default\">\n\t\t\t\t<div class=\"elementor-widget-container\">\n\t\t\t\t\t\t\t\t\t\t\t\t\t\t\t<img fetchpriority=\"high\" decoding=\"async\" width=\"424\" height=\"600\" src=\"https:\/\/lyceedelaulne.fr\/wp-content\/uploads\/2021\/04\/Affiche-Les-jardini\u00e8re-en-f\u00eate-ambre-jeanne-424-x-600.png\" class=\"attachment-large size-large wp-image-4815\" alt=\"Lyc\u00e9e de l&#039;Aulne BP TCV Jardini\u00e8res 2021\" srcset=\"https:\/\/lyceedelaulne.fr\/wp-content\/uploads\/2021\/04\/Affiche-Les-jardini\u00e8re-en-f\u00eate-ambre-jeanne-424-x-600.png 424w, https:\/\/lyceedelaulne.fr\/wp-content\/uploads\/2021\/04\/Affiche-Les-jardini\u00e8re-en-f\u00eate-ambre-jeanne-424-x-600-212x300.png 212w, https:\/\/lyceedelaulne.fr\/wp-content\/uploads\/2021\/04\/Affiche-Les-jardini\u00e8re-en-f\u00eate-ambre-jeanne-424-x-600-191x270.png 191w\" sizes=\"(max-width: 424px) 100vw, 424px\" \/>\t\t\t\t\t\t\t\t\t\t\t\t\t\t\t<\/div>\n\t\t\t\t<\/div>\n\t\t\t\t\t<\/div>\n\t\t<\/div>\n\t\t\t\t\t<\/div>\n\t\t<\/section>\n\t\t\t\t<section class=\"elementor-section elementor-top-section elementor-element elementor-element-1b8576f elementor-section-boxed elementor-section-height-default elementor-section-height-default\" data-id=\"1b8576f\" data-element_type=\"section\" data-e-type=\"section\">\n\t\t\t\t\t\t<div class=\"elementor-container elementor-column-gap-default\">\n\t\t\t\t\t<div class=\"elementor-column elementor-col-100 elementor-top-column elementor-element elementor-element-40d1fc2\" data-id=\"40d1fc2\" data-element_type=\"column\" data-e-type=\"column\">\n\t\t\t<div class=\"elementor-widget-wrap elementor-element-populated\">\n\t\t\t\t\t\t<div class=\"elementor-element elementor-element-2ce56b0 elementor-widget elementor-widget-image-gallery\" data-id=\"2ce56b0\" data-element_type=\"widget\" data-e-type=\"widget\" data-widget_type=\"image-gallery.default\">\n\t\t\t\t<div class=\"elementor-widget-container\">\n\t\t\t\t\t\t\t<div class=\"elementor-image-gallery\">\n\t\t\t\n<a data-elementor-open-lightbox=\"yes\" data-elementor-lightbox-slideshow=\"2ce56b0\" data-elementor-lightbox-title=\"photo 1\" data-elementor-lightbox-description=\"Lyc\u00e9e de l&#039;Aulne BP TCV Jardini\u00e8res 2021\" data-e-action-hash=\"#elementor-action%3Aaction%3Dlightbox%26settings%3DeyJpZCI6NDc5MiwidXJsIjoiaHR0cHM6XC9cL2x5Y2VlZGVsYXVsbmUuZnJcL3dwLWNvbnRlbnRcL3VwbG9hZHNcLzIwMjFcLzA0XC9waG90by0xLmpwZyIsInNsaWRlc2hvdyI6IjJjZTU2YjAifQ%3D%3D\" href='https:\/\/lyceedelaulne.fr\/wp-content\/uploads\/2021\/04\/photo-1.jpg'><img decoding=\"async\" width=\"915\" height=\"686\" src=\"https:\/\/lyceedelaulne.fr\/wp-content\/uploads\/2021\/04\/photo-1.jpg\" class=\"attachment-large size-large\" alt=\"Lyc\u00e9e de l&#039;Aulne BP TCV Jardini\u00e8res 2021\" srcset=\"https:\/\/lyceedelaulne.fr\/wp-content\/uploads\/2021\/04\/photo-1.jpg 915w, https:\/\/lyceedelaulne.fr\/wp-content\/uploads\/2021\/04\/photo-1-300x225.jpg 300w, https:\/\/lyceedelaulne.fr\/wp-content\/uploads\/2021\/04\/photo-1-768x576.jpg 768w, https:\/\/lyceedelaulne.fr\/wp-content\/uploads\/2021\/04\/photo-1-360x270.jpg 360w\" sizes=\"(max-width: 915px) 100vw, 915px\" \/><\/a>\n<a data-elementor-open-lightbox=\"yes\" data-elementor-lightbox-slideshow=\"2ce56b0\" data-elementor-lightbox-title=\"Lyc\u00e9e de l&#039;Aulne BTSA1 AP semaine v\u00e9g\u00e9tale 2021\" data-elementor-lightbox-description=\"Lyc\u00e9e de l&#039;Aulne BTSA1 AP semaine v\u00e9g\u00e9tale 2021\" data-e-action-hash=\"#elementor-action%3Aaction%3Dlightbox%26settings%3DeyJpZCI6NDgxMCwidXJsIjoiaHR0cHM6XC9cL2x5Y2VlZGVsYXVsbmUuZnJcL3dwLWNvbnRlbnRcL3VwbG9hZHNcLzIwMjFcLzA0XC9waG90by0zLmpwZyIsInNsaWRlc2hvdyI6IjJjZTU2YjAifQ%3D%3D\" href='https:\/\/lyceedelaulne.fr\/wp-content\/uploads\/2021\/04\/photo-3.jpg'><img decoding=\"async\" width=\"915\" height=\"686\" src=\"https:\/\/lyceedelaulne.fr\/wp-content\/uploads\/2021\/04\/photo-3.jpg\" class=\"attachment-large size-large\" alt=\"Lyc\u00e9e de l&#039;Aulne BTSA1 AP semaine v\u00e9g\u00e9tale 2021\" srcset=\"https:\/\/lyceedelaulne.fr\/wp-content\/uploads\/2021\/04\/photo-3.jpg 915w, https:\/\/lyceedelaulne.fr\/wp-content\/uploads\/2021\/04\/photo-3-300x225.jpg 300w, https:\/\/lyceedelaulne.fr\/wp-content\/uploads\/2021\/04\/photo-3-768x576.jpg 768w, https:\/\/lyceedelaulne.fr\/wp-content\/uploads\/2021\/04\/photo-3-360x270.jpg 360w\" sizes=\"(max-width: 915px) 100vw, 915px\" \/><\/a>\n\t\t<\/div>\n\t\t\t\t\t\t<\/div>\n\t\t\t\t<\/div>\n\t\t\t\t\t<\/div>\n\t\t<\/div>\n\t\t\t\t\t<\/div>\n\t\t<\/section>\n\t\t\t\t<\/div>\n\t\t","protected":false},"excerpt":{"rendered":"<p>Lyc\u00e9e de l&rsquo;Aulne : Jardini\u00e8res en f\u00eate Les \u00e9l\u00e8ves de Terminale TCV au lyc\u00e9e de l\u2019Aulne organisent une op\u00e9ration de confection de jardini\u00e8res : \u00ab les jardini\u00e8res en f\u00eate \u00bb. Vous venez d\u00e9poser vos contenants avec une r\u00e9servation pr\u00e9alable des&hellip;&nbsp;<a href=\"https:\/\/lyceedelaulne.fr\/?p=4782\" class=\"more-link\">Lire la suite<\/a><\/p>\n","protected":false},"author":1,"featured_media":0,"comment_status":"closed","ping_status":"open","sticky":false,"template":"","format":"standard","meta":{"footnotes":""},"categories":[1],"tags":[],"class_list":["post-4782","post","type-post","status-publish","format-standard","hentry","category-non-classe"],"_links":{"self":[{"href":"https:\/\/lyceedelaulne.fr\/index.php?rest_route=\/wp\/v2\/posts\/4782","targetHints":{"allow":["GET"]}}],"collection":[{"href":"https:\/\/lyceedelaulne.fr\/index.php?rest_route=\/wp\/v2\/posts"}],"about":[{"href":"https:\/\/lyceedelaulne.fr\/index.php?rest_route=\/wp\/v2\/types\/post"}],"author":[{"embeddable":true,"href":"https:\/\/lyceedelaulne.fr\/index.php?rest_route=\/wp\/v2\/users\/1"}],"replies":[{"embeddable":true,"href":"https:\/\/lyceedelaulne.fr\/index.php?rest_route=%2Fwp%2Fv2%2Fcomments&post=4782"}],"version-history":[{"count":7,"href":"https:\/\/lyceedelaulne.fr\/index.php?rest_route=\/wp\/v2\/posts\/4782\/revisions"}],"predecessor-version":[{"id":4818,"href":"https:\/\/lyceedelaulne.fr\/index.php?rest_route=\/wp\/v2\/posts\/4782\/revisions\/4818"}],"wp:attachment":[{"href":"https:\/\/lyceedelaulne.fr\/index.php?rest_route=%2Fwp%2Fv2%2Fmedia&parent=4782"}],"wp:term":[{"taxonomy":"category","embeddable":true,"href":"https:\/\/lyceedelaulne.fr\/index.php?rest_route=%2Fwp%2Fv2%2Fcategories&post=4782"},{"taxonomy":"post_tag","embeddable":true,"href":"https:\/\/lyceedelaulne.fr\/index.php?rest_route=%2Fwp%2Fv2%2Ftags&post=4782"}],"curies":[{"name":"wp","href":"https:\/\/api.w.org\/{rel}","templated":true}]}}