{"id":4481,"date":"2020-12-04T10:10:47","date_gmt":"2020-12-04T09:10:47","guid":{"rendered":"http:\/\/lyceedelaulne.fr\/?p=4481"},"modified":"2021-04-06T11:25:00","modified_gmt":"2021-04-06T09:25:00","slug":"aux-masques-citoyens","status":"publish","type":"post","link":"https:\/\/lyceedelaulne.fr\/?p=4481","title":{"rendered":"Aux masques citoyens"},"content":{"rendered":"\t\t<div data-elementor-type=\"wp-post\" data-elementor-id=\"4481\" class=\"elementor elementor-4481\">\n\t\t\t\t\t\t<section class=\"elementor-section elementor-top-section elementor-element elementor-element-5a36e55d elementor-section-boxed elementor-section-height-default elementor-section-height-default\" data-id=\"5a36e55d\" data-element_type=\"section\" data-e-type=\"section\">\n\t\t\t\t\t\t<div class=\"elementor-container elementor-column-gap-default\">\n\t\t\t\t\t<div class=\"elementor-column elementor-col-100 elementor-top-column elementor-element elementor-element-75c7cd6e\" data-id=\"75c7cd6e\" data-element_type=\"column\" data-e-type=\"column\">\n\t\t\t<div class=\"elementor-widget-wrap elementor-element-populated\">\n\t\t\t\t\t\t<div class=\"elementor-element elementor-element-2637b45a elementor-widget elementor-widget-heading\" data-id=\"2637b45a\" data-element_type=\"widget\" data-e-type=\"widget\" data-widget_type=\"heading.default\">\n\t\t\t\t<div class=\"elementor-widget-container\">\n\t\t\t\t\t<h2 class=\"elementor-heading-title elementor-size-default\">Concours de masques organis\u00e9 par les 2nde SAPAT au Lyc\u00e9e de l'Aulne<\/h2>\t\t\t\t<\/div>\n\t\t\t\t<\/div>\n\t\t\t\t\t<\/div>\n\t\t<\/div>\n\t\t\t\t\t<\/div>\n\t\t<\/section>\n\t\t\t\t<section class=\"elementor-section elementor-top-section elementor-element elementor-element-7bc7a616 elementor-section-boxed elementor-section-height-default elementor-section-height-default\" data-id=\"7bc7a616\" data-element_type=\"section\" data-e-type=\"section\" data-settings=\"{&quot;background_background&quot;:&quot;classic&quot;}\">\n\t\t\t\t\t\t<div class=\"elementor-container elementor-column-gap-default\">\n\t\t\t\t\t<div class=\"elementor-column elementor-col-50 elementor-top-column elementor-element elementor-element-9ac4c24\" data-id=\"9ac4c24\" data-element_type=\"column\" data-e-type=\"column\">\n\t\t\t<div class=\"elementor-widget-wrap elementor-element-populated\">\n\t\t\t\t\t\t<div class=\"elementor-element elementor-element-fed503a elementor-widget elementor-widget-text-editor\" data-id=\"fed503a\" data-element_type=\"widget\" data-e-type=\"widget\" data-widget_type=\"text-editor.default\">\n\t\t\t\t<div class=\"elementor-widget-container\">\n\t\t\t\t\t\t\t\t\t<p align=\"left\"><span style=\"color: #000000;\"> <span style=\"font-family: Arial, sans-serif;\"><span style=\"color: #ed1c24;\"><span style=\"font-size: large;\"><u>Aux<\/u><\/span><\/span><span style=\"color: #ed1c24;\"><span style=\"font-size: large;\"><u> masque<\/u><\/span><\/span><span style=\"color: #ed1c24;\"><span style=\"font-size: large;\"><u>s<\/u><\/span><\/span><span style=\"color: #ed1c24;\"><span style=\"font-size: large;\"><u> citoyens <\/u><\/span><\/span><\/span><\/span><\/p><p align=\"left\"><span style=\"color: #000000;\"> <span style=\"font-family: Arial, sans-serif;\"><span style=\"font-size: large;\">Concours de masques <\/span><\/span><\/span><span style=\"font-family: Arial, sans-serif;\"><span style=\"font-size: large;\"><span style=\"color: #000000;\">du 19 novembre au <\/span><span style=\"color: #000000;\">13<\/span><span style=\"color: #000000;\"> janvier au <\/span><\/span><\/span><span style=\"color: #000000; font-size: large; font-family: Arial, sans-serif;\">lyc\u00e9e de l\u2019aulne.<\/span><\/p><p align=\"left\"><span style=\"font-family: Arial, sans-serif;\"><span style=\"color: #000000;\"><span style=\"font-size: large;\">Les 2<\/span><\/span><span style=\"color: #000000;\"><sup><span style=\"font-size: large;\">nde <\/span><\/sup><\/span><span style=\"color: #000000;\"><span style=\"font-size: large;\">SAPAT du lyc\u00e9e de l\u2019Aulne <\/span><\/span><span style=\"color: #000000;\"><span style=\"font-size: large;\">\u00e0<\/span><\/span><span style=\"color: #000000;\"><span style=\"font-size: large;\"> Ch<\/span><\/span><span style=\"color: #000000;\"><span style=\"font-size: large;\">\u00e2<\/span><\/span><span style=\"color: #000000;\"><span style=\"font-size: large;\">teaulin organisent un concours de masques <\/span><\/span><span style=\"color: #000000;\"><span style=\"font-size: large;\">(<\/span><\/span><span style=\"color: #000000;\"><span style=\"font-size: large;\">le plus original, <\/span><\/span><span style=\"color: #000000;\"><span style=\"font-size: large;\">styl\u00e9, le plus rigolo\u2026 ).\u00a0<\/span> <\/span><span style=\"color: #000000;\"><span style=\"font-size: large;\">Au programme, \u00e9lection du masque le plus stylis\u00e9 avec pour le gagnant un joli cadeau.<\/span><\/span><\/span><\/p>\t\t\t\t\t\t\t\t<\/div>\n\t\t\t\t<\/div>\n\t\t\t\t<div class=\"elementor-element elementor-element-414230a elementor-widget elementor-widget-image\" data-id=\"414230a\" data-element_type=\"widget\" data-e-type=\"widget\" data-widget_type=\"image.default\">\n\t\t\t\t<div class=\"elementor-widget-container\">\n\t\t\t\t\t\t\t\t\t\t\t\t\t\t\t<img fetchpriority=\"high\" decoding=\"async\" width=\"495\" height=\"721\" src=\"https:\/\/lyceedelaulne.fr\/wp-content\/uploads\/2020\/12\/affiche-site-du-lyc\u00e9e.jpg\" class=\"attachment-medium_large size-medium_large wp-image-4486\" alt=\"fabrication masques lyc\u00e9e de l&#039;Aulne\" srcset=\"https:\/\/lyceedelaulne.fr\/wp-content\/uploads\/2020\/12\/affiche-site-du-lyc\u00e9e.jpg 495w, https:\/\/lyceedelaulne.fr\/wp-content\/uploads\/2020\/12\/affiche-site-du-lyc\u00e9e-206x300.jpg 206w, https:\/\/lyceedelaulne.fr\/wp-content\/uploads\/2020\/12\/affiche-site-du-lyc\u00e9e-185x270.jpg 185w\" sizes=\"(max-width: 495px) 100vw, 495px\" \/>\t\t\t\t\t\t\t\t\t\t\t\t\t\t\t<\/div>\n\t\t\t\t<\/div>\n\t\t\t\t\t<\/div>\n\t\t<\/div>\n\t\t\t\t<div class=\"elementor-column elementor-col-50 elementor-top-column elementor-element elementor-element-73bcd5c0\" data-id=\"73bcd5c0\" data-element_type=\"column\" data-e-type=\"column\">\n\t\t\t<div class=\"elementor-widget-wrap elementor-element-populated\">\n\t\t\t\t\t\t<div class=\"elementor-element elementor-element-edc21ce elementor-widget elementor-widget-image-gallery\" data-id=\"edc21ce\" data-element_type=\"widget\" data-e-type=\"widget\" data-widget_type=\"image-gallery.default\">\n\t\t\t\t<div class=\"elementor-widget-container\">\n\t\t\t\t\t\t\t<div class=\"elementor-image-gallery\">\n\t\t\t\n<a data-elementor-open-lightbox=\"yes\" data-elementor-lightbox-slideshow=\"edc21ce\" data-elementor-lightbox-title=\"fabrication masques lyc\u00e9e de l&#039;Aulne\" data-elementor-lightbox-description=\"fabrication masques lyc\u00e9e de l&#039;Aulne\" data-e-action-hash=\"#elementor-action%3Aaction%3Dlightbox%26settings%3DeyJpZCI6NDQ4OCwidXJsIjoiaHR0cHM6XC9cL2x5Y2VlZGVsYXVsbmUuZnJcL3dwLWNvbnRlbnRcL3VwbG9hZHNcLzIwMjBcLzEyXC9JTUdfMDgxMy5qcGciLCJzbGlkZXNob3ciOiJlZGMyMWNlIn0%3D\" href='https:\/\/lyceedelaulne.fr\/wp-content\/uploads\/2020\/12\/IMG_0813.jpg'><img decoding=\"async\" width=\"576\" height=\"1024\" src=\"https:\/\/lyceedelaulne.fr\/wp-content\/uploads\/2020\/12\/IMG_0813-576x1024.jpg\" class=\"attachment-large size-large\" alt=\"fabrication masques lyc\u00e9e de l&#039;Aulne\" srcset=\"https:\/\/lyceedelaulne.fr\/wp-content\/uploads\/2020\/12\/IMG_0813-576x1024.jpg 576w, https:\/\/lyceedelaulne.fr\/wp-content\/uploads\/2020\/12\/IMG_0813-169x300.jpg 169w, https:\/\/lyceedelaulne.fr\/wp-content\/uploads\/2020\/12\/IMG_0813-152x270.jpg 152w, https:\/\/lyceedelaulne.fr\/wp-content\/uploads\/2020\/12\/IMG_0813.jpg 750w\" sizes=\"(max-width: 576px) 100vw, 576px\" \/><\/a>\n<a data-elementor-open-lightbox=\"yes\" data-elementor-lightbox-slideshow=\"edc21ce\" data-elementor-lightbox-title=\"fabrication masques lyc\u00e9e de l&#039;Aulne2\" data-elementor-lightbox-description=\"fabrication masques lyc\u00e9e de l&#039;Aulne\" data-e-action-hash=\"#elementor-action%3Aaction%3Dlightbox%26settings%3DeyJpZCI6NDQ4NywidXJsIjoiaHR0cHM6XC9cL2x5Y2VlZGVsYXVsbmUuZnJcL3dwLWNvbnRlbnRcL3VwbG9hZHNcLzIwMjBcLzEyXC9JTUdfMDgxMi5qcGciLCJzbGlkZXNob3ciOiJlZGMyMWNlIn0%3D\" href='https:\/\/lyceedelaulne.fr\/wp-content\/uploads\/2020\/12\/IMG_0812.jpg'><img decoding=\"async\" width=\"576\" height=\"1024\" src=\"https:\/\/lyceedelaulne.fr\/wp-content\/uploads\/2020\/12\/IMG_0812-576x1024.jpg\" class=\"attachment-large size-large\" alt=\"fabrication masques lyc\u00e9e de l&#039;Aulne\" srcset=\"https:\/\/lyceedelaulne.fr\/wp-content\/uploads\/2020\/12\/IMG_0812-576x1024.jpg 576w, https:\/\/lyceedelaulne.fr\/wp-content\/uploads\/2020\/12\/IMG_0812-169x300.jpg 169w, https:\/\/lyceedelaulne.fr\/wp-content\/uploads\/2020\/12\/IMG_0812-152x270.jpg 152w, https:\/\/lyceedelaulne.fr\/wp-content\/uploads\/2020\/12\/IMG_0812.jpg 750w\" sizes=\"(max-width: 576px) 100vw, 576px\" \/><\/a>\n<a data-elementor-open-lightbox=\"yes\" data-elementor-lightbox-slideshow=\"edc21ce\" data-elementor-lightbox-title=\"fabrication masques lyc\u00e9e de l&#039;Aulne 3\" data-elementor-lightbox-description=\"fabrication masques lyc\u00e9e de l&#039;Aulne\" data-e-action-hash=\"#elementor-action%3Aaction%3Dlightbox%26settings%3DeyJpZCI6NDQ4NSwidXJsIjoiaHR0cHM6XC9cL2x5Y2VlZGVsYXVsbmUuZnJcL3dwLWNvbnRlbnRcL3VwbG9hZHNcLzIwMjBcLzEyXC9JTUdfMDgxNi5qcGciLCJzbGlkZXNob3ciOiJlZGMyMWNlIn0%3D\" href='https:\/\/lyceedelaulne.fr\/wp-content\/uploads\/2020\/12\/IMG_0816.jpg'><img loading=\"lazy\" decoding=\"async\" width=\"576\" height=\"1024\" src=\"https:\/\/lyceedelaulne.fr\/wp-content\/uploads\/2020\/12\/IMG_0816-576x1024.jpg\" class=\"attachment-large size-large\" alt=\"fabrication masques lyc\u00e9e de l&#039;Aulne\" srcset=\"https:\/\/lyceedelaulne.fr\/wp-content\/uploads\/2020\/12\/IMG_0816-576x1024.jpg 576w, https:\/\/lyceedelaulne.fr\/wp-content\/uploads\/2020\/12\/IMG_0816-169x300.jpg 169w, https:\/\/lyceedelaulne.fr\/wp-content\/uploads\/2020\/12\/IMG_0816-152x270.jpg 152w, https:\/\/lyceedelaulne.fr\/wp-content\/uploads\/2020\/12\/IMG_0816.jpg 750w\" sizes=\"(max-width: 576px) 100vw, 576px\" \/><\/a>\n<a data-elementor-open-lightbox=\"yes\" data-elementor-lightbox-slideshow=\"edc21ce\" data-elementor-lightbox-title=\"fabrication masques lyc\u00e9e de l&#039;Aulne 5\" data-elementor-lightbox-description=\"fabrication masques lyc\u00e9e de l&#039;Aulne\" data-e-action-hash=\"#elementor-action%3Aaction%3Dlightbox%26settings%3DeyJpZCI6NDQ4MywidXJsIjoiaHR0cHM6XC9cL2x5Y2VlZGVsYXVsbmUuZnJcL3dwLWNvbnRlbnRcL3VwbG9hZHNcLzIwMjBcLzEyXC9JTUdfMDgxNC5qcGciLCJzbGlkZXNob3ciOiJlZGMyMWNlIn0%3D\" href='https:\/\/lyceedelaulne.fr\/wp-content\/uploads\/2020\/12\/IMG_0814.jpg'><img loading=\"lazy\" decoding=\"async\" width=\"576\" height=\"1024\" src=\"https:\/\/lyceedelaulne.fr\/wp-content\/uploads\/2020\/12\/IMG_0814-576x1024.jpg\" class=\"attachment-large size-large\" alt=\"fabrication masques lyc\u00e9e de l&#039;Aulne\" srcset=\"https:\/\/lyceedelaulne.fr\/wp-content\/uploads\/2020\/12\/IMG_0814-576x1024.jpg 576w, https:\/\/lyceedelaulne.fr\/wp-content\/uploads\/2020\/12\/IMG_0814-169x300.jpg 169w, https:\/\/lyceedelaulne.fr\/wp-content\/uploads\/2020\/12\/IMG_0814-152x270.jpg 152w, https:\/\/lyceedelaulne.fr\/wp-content\/uploads\/2020\/12\/IMG_0814.jpg 750w\" sizes=\"(max-width: 576px) 100vw, 576px\" \/><\/a>\n<a data-elementor-open-lightbox=\"yes\" data-elementor-lightbox-slideshow=\"edc21ce\" data-elementor-lightbox-title=\"fabrication masques lyc\u00e9e de l&#039;Aulne 4\" data-elementor-lightbox-description=\"fabrication masques lyc\u00e9e de l&#039;Aulne\" data-e-action-hash=\"#elementor-action%3Aaction%3Dlightbox%26settings%3DeyJpZCI6NDQ4NCwidXJsIjoiaHR0cHM6XC9cL2x5Y2VlZGVsYXVsbmUuZnJcL3dwLWNvbnRlbnRcL3VwbG9hZHNcLzIwMjBcLzEyXC9JTUdfMDgxNS5qcGciLCJzbGlkZXNob3ciOiJlZGMyMWNlIn0%3D\" href='https:\/\/lyceedelaulne.fr\/wp-content\/uploads\/2020\/12\/IMG_0815.jpg'><img loading=\"lazy\" decoding=\"async\" width=\"576\" height=\"1024\" src=\"https:\/\/lyceedelaulne.fr\/wp-content\/uploads\/2020\/12\/IMG_0815-576x1024.jpg\" class=\"attachment-large size-large\" alt=\"fabrication masques lyc\u00e9e de l&#039;Aulne\" srcset=\"https:\/\/lyceedelaulne.fr\/wp-content\/uploads\/2020\/12\/IMG_0815-576x1024.jpg 576w, https:\/\/lyceedelaulne.fr\/wp-content\/uploads\/2020\/12\/IMG_0815-169x300.jpg 169w, https:\/\/lyceedelaulne.fr\/wp-content\/uploads\/2020\/12\/IMG_0815-152x270.jpg 152w, https:\/\/lyceedelaulne.fr\/wp-content\/uploads\/2020\/12\/IMG_0815.jpg 750w\" sizes=\"(max-width: 576px) 100vw, 576px\" \/><\/a>\n\t\t<\/div>\n\t\t\t\t\t\t<\/div>\n\t\t\t\t<\/div>\n\t\t\t\t\t<\/div>\n\t\t<\/div>\n\t\t\t\t\t<\/div>\n\t\t<\/section>\n\t\t\t\t<\/div>\n\t\t","protected":false},"excerpt":{"rendered":"<p>Concours de masques organis\u00e9 par les 2nde SAPAT au Lyc\u00e9e de l&rsquo;Aulne Aux masques citoyens Concours de masques du 19 novembre au 13 janvier au lyc\u00e9e de l\u2019aulne. Les 2nde SAPAT du lyc\u00e9e de l\u2019Aulne \u00e0 Ch\u00e2teaulin organisent un concours&hellip;&nbsp;<a href=\"https:\/\/lyceedelaulne.fr\/?p=4481\" class=\"more-link\">Lire la suite<\/a><\/p>\n","protected":false},"author":1,"featured_media":0,"comment_status":"closed","ping_status":"open","sticky":false,"template":"","format":"standard","meta":{"footnotes":""},"categories":[1],"tags":[],"class_list":["post-4481","post","type-post","status-publish","format-standard","hentry","category-non-classe"],"_links":{"self":[{"href":"https:\/\/lyceedelaulne.fr\/index.php?rest_route=\/wp\/v2\/posts\/4481","targetHints":{"allow":["GET"]}}],"collection":[{"href":"https:\/\/lyceedelaulne.fr\/index.php?rest_route=\/wp\/v2\/posts"}],"about":[{"href":"https:\/\/lyceedelaulne.fr\/index.php?rest_route=\/wp\/v2\/types\/post"}],"author":[{"embeddable":true,"href":"https:\/\/lyceedelaulne.fr\/index.php?rest_route=\/wp\/v2\/users\/1"}],"replies":[{"embeddable":true,"href":"https:\/\/lyceedelaulne.fr\/index.php?rest_route=%2Fwp%2Fv2%2Fcomments&post=4481"}],"version-history":[{"count":11,"href":"https:\/\/lyceedelaulne.fr\/index.php?rest_route=\/wp\/v2\/posts\/4481\/revisions"}],"predecessor-version":[{"id":4820,"href":"https:\/\/lyceedelaulne.fr\/index.php?rest_route=\/wp\/v2\/posts\/4481\/revisions\/4820"}],"wp:attachment":[{"href":"https:\/\/lyceedelaulne.fr\/index.php?rest_route=%2Fwp%2Fv2%2Fmedia&parent=4481"}],"wp:term":[{"taxonomy":"category","embeddable":true,"href":"https:\/\/lyceedelaulne.fr\/index.php?rest_route=%2Fwp%2Fv2%2Fcategories&post=4481"},{"taxonomy":"post_tag","embeddable":true,"href":"https:\/\/lyceedelaulne.fr\/index.php?rest_route=%2Fwp%2Fv2%2Ftags&post=4481"}],"curies":[{"name":"wp","href":"https:\/\/api.w.org\/{rel}","templated":true}]}}