{"id":3935,"date":"2020-01-30T16:14:45","date_gmt":"2020-01-30T15:14:45","guid":{"rendered":"http:\/\/lyceedelaulne.fr\/?p=3935"},"modified":"2020-01-30T16:18:12","modified_gmt":"2020-01-30T15:18:12","slug":"btsa-amenagements-paysagers","status":"publish","type":"post","link":"https:\/\/lyceedelaulne.fr\/?p=3935","title":{"rendered":"BTSA Am\u00e9nagements Paysagers : semaine MINERAL"},"content":{"rendered":"\t\t<div data-elementor-type=\"wp-post\" data-elementor-id=\"3935\" class=\"elementor elementor-3935\">\n\t\t\t\t\t\t<section class=\"elementor-section elementor-top-section elementor-element elementor-element-5ed8be55 elementor-section-boxed elementor-section-height-default elementor-section-height-default\" data-id=\"5ed8be55\" data-element_type=\"section\" data-e-type=\"section\">\n\t\t\t\t\t\t<div class=\"elementor-container elementor-column-gap-default\">\n\t\t\t\t\t<div class=\"elementor-column elementor-col-100 elementor-top-column elementor-element elementor-element-2c8f20b\" data-id=\"2c8f20b\" data-element_type=\"column\" data-e-type=\"column\">\n\t\t\t<div class=\"elementor-widget-wrap elementor-element-populated\">\n\t\t\t\t\t\t<div class=\"elementor-element elementor-element-3bd55963 elementor-widget elementor-widget-heading\" data-id=\"3bd55963\" data-element_type=\"widget\" data-e-type=\"widget\" data-widget_type=\"heading.default\">\n\t\t\t\t<div class=\"elementor-widget-container\">\n\t\t\t\t\t<h2 class=\"elementor-heading-title elementor-size-default\">Semaine MINERAL <\/h2>\t\t\t\t<\/div>\n\t\t\t\t<\/div>\n\t\t\t\t\t<\/div>\n\t\t<\/div>\n\t\t\t\t\t<\/div>\n\t\t<\/section>\n\t\t\t\t<section class=\"elementor-section elementor-top-section elementor-element elementor-element-42d20f6 elementor-section-boxed elementor-section-height-default elementor-section-height-default\" data-id=\"42d20f6\" data-element_type=\"section\" data-e-type=\"section\">\n\t\t\t\t\t\t<div class=\"elementor-container elementor-column-gap-default\">\n\t\t\t\t\t<div class=\"elementor-column elementor-col-100 elementor-top-column elementor-element elementor-element-7cdfc36b\" data-id=\"7cdfc36b\" data-element_type=\"column\" data-e-type=\"column\" data-settings=\"{&quot;background_background&quot;:&quot;classic&quot;}\">\n\t\t\t<div class=\"elementor-widget-wrap elementor-element-populated\">\n\t\t\t\t\t\t<div class=\"elementor-element elementor-element-385f709e elementor-widget elementor-widget-text-editor\" data-id=\"385f709e\" data-element_type=\"widget\" data-e-type=\"widget\" data-widget_type=\"text-editor.default\">\n\t\t\t\t<div class=\"elementor-widget-container\">\n\t\t\t\t\t\t\t\t\t<p>Lundi 20 et mardi 21 janvier 2020, les \u00e9tudiants de BTS 1 AP ont test\u00e9 la nouvelle formule de la semaine \u00ab\u00a0MINERAL\u00a0\u00bb.<\/p><p>Cette semaine vise \u00e0 faire d\u00e9couvrir et apprendre\u00a0 les diff\u00e9rentes fournitures couramment utilis\u00e9es dans la fili\u00e8re professionnelle de l\u2019Am\u00e9nagements Paysagers. Ainsi sur 2 jours, \u00e0 travers la visite de 6 entreprises diff\u00e9rentes, ils ont pu discuter avec les diff\u00e9rents acteurs de la fili\u00e8re.<\/p><p>Ainsi depuis la carri\u00e8re de granit de M. Quiniou \u00e0 Tr\u00e9m\u00e9oc, puis l\u2019entreprise Cupastone (producteur et fournisseur de pierres naturelles) \u00e0 Quimper, jusqu\u2019\u00e0 l\u2019entreprise Celtys \u00e0 Landivisiau (visite des chaines de fabrication des parpaings, des dalles pr\u00e9fabriqu\u00e9es, des \u00e9l\u00e9ments d\u2019escalier pour la RATP \u00e0 Paris) et son magasin de mat\u00e9riaux Qu\u00e9guiner Mat\u00e9riaux \u00e0 Landivisiau, les \u00e9tudiants ont pu avoir une repr\u00e9sentation assez compl\u00e8te des fournitures naturelles et artificielles utilis\u00e9es par les paysagistes.<\/p><p>Les discussions ont port\u00e9 sur l\u2019aspect qualitatif, sur les contr\u00f4les, sur les normes, sur les appellations, sur les origines g\u00e9ologiques de tous ces produits.<\/p>\t\t\t\t\t\t\t\t<\/div>\n\t\t\t\t<\/div>\n\t\t\t\t\t<\/div>\n\t\t<\/div>\n\t\t\t\t\t<\/div>\n\t\t<\/section>\n\t\t\t\t<section class=\"elementor-section elementor-top-section elementor-element elementor-element-ca9dbb7 elementor-section-boxed elementor-section-height-default elementor-section-height-default\" data-id=\"ca9dbb7\" data-element_type=\"section\" data-e-type=\"section\">\n\t\t\t\t\t\t<div class=\"elementor-container elementor-column-gap-default\">\n\t\t\t\t\t<div class=\"elementor-column elementor-col-50 elementor-top-column elementor-element elementor-element-ea4456a\" data-id=\"ea4456a\" data-element_type=\"column\" data-e-type=\"column\" data-settings=\"{&quot;background_background&quot;:&quot;classic&quot;}\">\n\t\t\t<div class=\"elementor-widget-wrap elementor-element-populated\">\n\t\t\t\t\t\t<div class=\"elementor-element elementor-element-d2b9561 elementor-widget elementor-widget-text-editor\" data-id=\"d2b9561\" data-element_type=\"widget\" data-e-type=\"widget\" data-widget_type=\"text-editor.default\">\n\t\t\t\t<div class=\"elementor-widget-container\">\n\t\t\t\t\t\t\t\t\t<p>Les utilisations de ces diff\u00e9rents mat\u00e9riaux et leurs mises en \u0153uvre se sont traduites lors de la visite de chantiers avec deux entreprises importantes du Finist\u00e8re\u00a0:<\/p><ul><li>l\u2019entreprise \u00ab\u00a0Paysages d\u2019Iroise\u00a0\u00bb \u00e0 Milizac, cr\u00e9\u00e9e en 1978, forte de presque 50 salari\u00e9s\u00a0: visites de deux chantiers publics (r\u00e9fection d\u2019un mur ancien en moellons de granit et cr\u00e9ation d\u2019une circulation pi\u00e9tonne en b\u00e9ton imprim\u00e9 imitation bois)<\/li><li>l\u2019entreprie \u00ab\u00a0Gouzien Paysage\u00a0\u00bb \u00e0 Concarneau, reprise en 1991 par Marc Gouzien, forte de 35 salari\u00e9s\u00a0: visites de multiples chantiers priv\u00e9s avec les diff\u00e9rents types de surfa\u00e7age de b\u00e9ton pour les circulations, avec des dallages et des pavages en pierres naturelles.<\/li><\/ul><p>\u00a0<\/p><p><strong><em>Cet enseignement uniquement bas\u00e9e sur les visites, sur les discussions avec les professionnels et \u00e9tay\u00e9s avec des polycopi\u00e9s synth\u00e9tiques vise \u00e0 faire acqu\u00e9rir les connaissances n\u00e9cessaires pour ma\u00eetriser le vocabulaire technique, pour connaitre les produits (origine, avantages\/inconv\u00e9nients) et leurs utilisations.<\/em><\/strong><\/p>\t\t\t\t\t\t\t\t<\/div>\n\t\t\t\t<\/div>\n\t\t\t\t\t<\/div>\n\t\t<\/div>\n\t\t\t\t<div class=\"elementor-column elementor-col-50 elementor-top-column elementor-element elementor-element-69d5f2a\" data-id=\"69d5f2a\" data-element_type=\"column\" data-e-type=\"column\" data-settings=\"{&quot;background_background&quot;:&quot;classic&quot;}\">\n\t\t\t<div class=\"elementor-widget-wrap elementor-element-populated\">\n\t\t\t\t\t\t<div class=\"elementor-element elementor-element-be558c3 elementor-widget elementor-widget-image-gallery\" data-id=\"be558c3\" data-element_type=\"widget\" data-e-type=\"widget\" data-widget_type=\"image-gallery.default\">\n\t\t\t\t<div class=\"elementor-widget-container\">\n\t\t\t\t\t\t\t<div class=\"elementor-image-gallery\">\n\t\t\t<div id='gallery-3' class='gallery galleryid-3935 gallery-columns-2 gallery-size-large'><figure class='gallery-item'>\n\t\t\t<div class='gallery-icon landscape'>\n\t\t\t\t<a data-elementor-open-lightbox=\"yes\" data-elementor-lightbox-slideshow=\"be558c3\" data-elementor-lightbox-title=\"Lyc\u00e9e de l&#039;Aulne Ch\u00e2teaulin : BTSA AP Semaine MINERAL\" data-elementor-lightbox-description=\"Lyc\u00e9e de l&#039;Aulne Ch\u00e2teaulin : BTSA AP Semaine MINERAL\" data-e-action-hash=\"#elementor-action%3Aaction%3Dlightbox%26settings%3DeyJpZCI6Mzk0MSwidXJsIjoiaHR0cHM6XC9cL2x5Y2VlZGVsYXVsbmUuZnJcL3dwLWNvbnRlbnRcL3VwbG9hZHNcLzIwMjBcLzAxXC9QMTIxMDkwMS5wbmciLCJzbGlkZXNob3ciOiJiZTU1OGMzIn0%3D\" href='https:\/\/lyceedelaulne.fr\/wp-content\/uploads\/2020\/01\/P1210901.png'><img fetchpriority=\"high\" decoding=\"async\" width=\"600\" height=\"450\" src=\"https:\/\/lyceedelaulne.fr\/wp-content\/uploads\/2020\/01\/P1210901.png\" class=\"attachment-large size-large\" alt=\"Lyc\u00e9e de l&#039;Aulne Ch\u00e2teaulin : BTSA AP Semaine MINERAL\" aria-describedby=\"gallery-3-3941\" srcset=\"https:\/\/lyceedelaulne.fr\/wp-content\/uploads\/2020\/01\/P1210901.png 600w, https:\/\/lyceedelaulne.fr\/wp-content\/uploads\/2020\/01\/P1210901-300x225.png 300w, https:\/\/lyceedelaulne.fr\/wp-content\/uploads\/2020\/01\/P1210901-360x270.png 360w\" sizes=\"(max-width: 600px) 100vw, 600px\" \/><\/a>\n\t\t\t<\/div>\n\t\t\t\t<figcaption class='wp-caption-text gallery-caption' id='gallery-3-3941'>\n\t\t\t\tLyc\u00e9e de l&rsquo;Aulne Ch\u00e2teaulin : BTSA AP Semaine MINERAL\n\t\t\t\t<\/figcaption><\/figure><figure class='gallery-item'>\n\t\t\t<div class='gallery-icon landscape'>\n\t\t\t\t<a data-elementor-open-lightbox=\"yes\" data-elementor-lightbox-slideshow=\"be558c3\" data-elementor-lightbox-title=\"Lyc\u00e9e de l&#039;Aulne Ch\u00e2teaulin : BTSA AP Semaine MINERAL\" data-elementor-lightbox-description=\"Lyc\u00e9e de l&#039;Aulne Ch\u00e2teaulin : BTSA AP Semaine MINERAL\" data-e-action-hash=\"#elementor-action%3Aaction%3Dlightbox%26settings%3DeyJpZCI6Mzk0MiwidXJsIjoiaHR0cHM6XC9cL2x5Y2VlZGVsYXVsbmUuZnJcL3dwLWNvbnRlbnRcL3VwbG9hZHNcLzIwMjBcLzAxXC9QMTIxMDkwMy5wbmciLCJzbGlkZXNob3ciOiJiZTU1OGMzIn0%3D\" href='https:\/\/lyceedelaulne.fr\/wp-content\/uploads\/2020\/01\/P1210903.png'><img decoding=\"async\" width=\"600\" height=\"450\" src=\"https:\/\/lyceedelaulne.fr\/wp-content\/uploads\/2020\/01\/P1210903.png\" class=\"attachment-large size-large\" alt=\"Lyc\u00e9e de l&#039;Aulne Ch\u00e2teaulin : BTSA AP Semaine MINERAL\" aria-describedby=\"gallery-3-3942\" srcset=\"https:\/\/lyceedelaulne.fr\/wp-content\/uploads\/2020\/01\/P1210903.png 600w, https:\/\/lyceedelaulne.fr\/wp-content\/uploads\/2020\/01\/P1210903-300x225.png 300w, https:\/\/lyceedelaulne.fr\/wp-content\/uploads\/2020\/01\/P1210903-360x270.png 360w\" sizes=\"(max-width: 600px) 100vw, 600px\" \/><\/a>\n\t\t\t<\/div>\n\t\t\t\t<figcaption class='wp-caption-text gallery-caption' id='gallery-3-3942'>\n\t\t\t\tLyc\u00e9e de l&rsquo;Aulne Ch\u00e2teaulin : BTSA AP Semaine MINERAL\n\t\t\t\t<\/figcaption><\/figure><figure class='gallery-item'>\n\t\t\t<div class='gallery-icon landscape'>\n\t\t\t\t<a data-elementor-open-lightbox=\"yes\" data-elementor-lightbox-slideshow=\"be558c3\" data-elementor-lightbox-title=\"Lyc\u00e9e de l&#039;Aulne Ch\u00e2teaulin : BTSA AP Semaine MINERAL\" data-elementor-lightbox-description=\"Lyc\u00e9e de l&#039;Aulne Ch\u00e2teaulin : BTSA AP Semaine MINERAL\" data-e-action-hash=\"#elementor-action%3Aaction%3Dlightbox%26settings%3DeyJpZCI6Mzk0MywidXJsIjoiaHR0cHM6XC9cL2x5Y2VlZGVsYXVsbmUuZnJcL3dwLWNvbnRlbnRcL3VwbG9hZHNcLzIwMjBcLzAxXC9QMTIxMDkwNi5wbmciLCJzbGlkZXNob3ciOiJiZTU1OGMzIn0%3D\" href='https:\/\/lyceedelaulne.fr\/wp-content\/uploads\/2020\/01\/P1210906.png'><img decoding=\"async\" width=\"600\" height=\"450\" src=\"https:\/\/lyceedelaulne.fr\/wp-content\/uploads\/2020\/01\/P1210906.png\" class=\"attachment-large size-large\" alt=\"Lyc\u00e9e de l&#039;Aulne Ch\u00e2teaulin : BTSA AP Semaine MINERAL\" aria-describedby=\"gallery-3-3943\" srcset=\"https:\/\/lyceedelaulne.fr\/wp-content\/uploads\/2020\/01\/P1210906.png 600w, https:\/\/lyceedelaulne.fr\/wp-content\/uploads\/2020\/01\/P1210906-300x225.png 300w, https:\/\/lyceedelaulne.fr\/wp-content\/uploads\/2020\/01\/P1210906-360x270.png 360w\" sizes=\"(max-width: 600px) 100vw, 600px\" \/><\/a>\n\t\t\t<\/div>\n\t\t\t\t<figcaption class='wp-caption-text gallery-caption' id='gallery-3-3943'>\n\t\t\t\tLyc\u00e9e de l&rsquo;Aulne Ch\u00e2teaulin : BTSA AP Semaine MINERAL\n\t\t\t\t<\/figcaption><\/figure><figure class='gallery-item'>\n\t\t\t<div class='gallery-icon landscape'>\n\t\t\t\t<a data-elementor-open-lightbox=\"yes\" data-elementor-lightbox-slideshow=\"be558c3\" data-elementor-lightbox-title=\"Lyc\u00e9e de l&#039;Aulne Ch\u00e2teaulin : BTSA AP Semaine MINERAL\" data-elementor-lightbox-description=\"Lyc\u00e9e de l&#039;Aulne Ch\u00e2teaulin : BTSA AP Semaine MINERAL\" data-e-action-hash=\"#elementor-action%3Aaction%3Dlightbox%26settings%3DeyJpZCI6Mzk0NCwidXJsIjoiaHR0cHM6XC9cL2x5Y2VlZGVsYXVsbmUuZnJcL3dwLWNvbnRlbnRcL3VwbG9hZHNcLzIwMjBcLzAxXC9QMTIxMDkxNi5wbmciLCJzbGlkZXNob3ciOiJiZTU1OGMzIn0%3D\" href='https:\/\/lyceedelaulne.fr\/wp-content\/uploads\/2020\/01\/P1210916.png'><img loading=\"lazy\" decoding=\"async\" width=\"600\" height=\"450\" src=\"https:\/\/lyceedelaulne.fr\/wp-content\/uploads\/2020\/01\/P1210916.png\" class=\"attachment-large size-large\" alt=\"Lyc\u00e9e de l&#039;Aulne Ch\u00e2teaulin : BTSA AP Semaine MINERAL\" aria-describedby=\"gallery-3-3944\" srcset=\"https:\/\/lyceedelaulne.fr\/wp-content\/uploads\/2020\/01\/P1210916.png 600w, https:\/\/lyceedelaulne.fr\/wp-content\/uploads\/2020\/01\/P1210916-300x225.png 300w, https:\/\/lyceedelaulne.fr\/wp-content\/uploads\/2020\/01\/P1210916-360x270.png 360w\" sizes=\"(max-width: 600px) 100vw, 600px\" \/><\/a>\n\t\t\t<\/div>\n\t\t\t\t<figcaption class='wp-caption-text gallery-caption' id='gallery-3-3944'>\n\t\t\t\tLyc\u00e9e de l&rsquo;Aulne Ch\u00e2teaulin : BTSA AP Semaine MINERAL\n\t\t\t\t<\/figcaption><\/figure><figure class='gallery-item'>\n\t\t\t<div class='gallery-icon landscape'>\n\t\t\t\t<a data-elementor-open-lightbox=\"yes\" data-elementor-lightbox-slideshow=\"be558c3\" data-elementor-lightbox-title=\"Lyc\u00e9e de l&#039;Aulne Ch\u00e2teaulin : BTSA AP Semaine MINERAL\" data-elementor-lightbox-description=\"Lyc\u00e9e de l&#039;Aulne Ch\u00e2teaulin : BTSA AP Semaine MINERAL\" data-e-action-hash=\"#elementor-action%3Aaction%3Dlightbox%26settings%3DeyJpZCI6Mzk0NSwidXJsIjoiaHR0cHM6XC9cL2x5Y2VlZGVsYXVsbmUuZnJcL3dwLWNvbnRlbnRcL3VwbG9hZHNcLzIwMjBcLzAxXC9QMTIxMDkzNi5wbmciLCJzbGlkZXNob3ciOiJiZTU1OGMzIn0%3D\" href='https:\/\/lyceedelaulne.fr\/wp-content\/uploads\/2020\/01\/P1210936.png'><img loading=\"lazy\" decoding=\"async\" width=\"600\" height=\"450\" src=\"https:\/\/lyceedelaulne.fr\/wp-content\/uploads\/2020\/01\/P1210936.png\" class=\"attachment-large size-large\" alt=\"Lyc\u00e9e de l&#039;Aulne Ch\u00e2teaulin : BTSA AP Semaine MINERAL\" aria-describedby=\"gallery-3-3945\" srcset=\"https:\/\/lyceedelaulne.fr\/wp-content\/uploads\/2020\/01\/P1210936.png 600w, https:\/\/lyceedelaulne.fr\/wp-content\/uploads\/2020\/01\/P1210936-300x225.png 300w, https:\/\/lyceedelaulne.fr\/wp-content\/uploads\/2020\/01\/P1210936-360x270.png 360w\" sizes=\"(max-width: 600px) 100vw, 600px\" \/><\/a>\n\t\t\t<\/div>\n\t\t\t\t<figcaption class='wp-caption-text gallery-caption' id='gallery-3-3945'>\n\t\t\t\tLyc\u00e9e de l&rsquo;Aulne Ch\u00e2teaulin : BTSA AP Semaine MINERAL\n\t\t\t\t<\/figcaption><\/figure><figure class='gallery-item'>\n\t\t\t<div class='gallery-icon landscape'>\n\t\t\t\t<a data-elementor-open-lightbox=\"yes\" data-elementor-lightbox-slideshow=\"be558c3\" data-elementor-lightbox-title=\"Lyc\u00e9e de l&#039;Aulne Ch\u00e2teaulin : BTSA AP Semaine MINERAL\" data-elementor-lightbox-description=\"Lyc\u00e9e de l&#039;Aulne Ch\u00e2teaulin : BTSA AP Semaine MINERAL\" data-e-action-hash=\"#elementor-action%3Aaction%3Dlightbox%26settings%3DeyJpZCI6Mzk0NiwidXJsIjoiaHR0cHM6XC9cL2x5Y2VlZGVsYXVsbmUuZnJcL3dwLWNvbnRlbnRcL3VwbG9hZHNcLzIwMjBcLzAxXC9QMTIxMDk0Mi5wbmciLCJzbGlkZXNob3ciOiJiZTU1OGMzIn0%3D\" href='https:\/\/lyceedelaulne.fr\/wp-content\/uploads\/2020\/01\/P1210942.png'><img loading=\"lazy\" decoding=\"async\" width=\"600\" height=\"450\" src=\"https:\/\/lyceedelaulne.fr\/wp-content\/uploads\/2020\/01\/P1210942.png\" class=\"attachment-large size-large\" alt=\"Lyc\u00e9e de l&#039;Aulne Ch\u00e2teaulin : BTSA AP Semaine MINERAL\" aria-describedby=\"gallery-3-3946\" srcset=\"https:\/\/lyceedelaulne.fr\/wp-content\/uploads\/2020\/01\/P1210942.png 600w, https:\/\/lyceedelaulne.fr\/wp-content\/uploads\/2020\/01\/P1210942-300x225.png 300w, https:\/\/lyceedelaulne.fr\/wp-content\/uploads\/2020\/01\/P1210942-360x270.png 360w\" sizes=\"(max-width: 600px) 100vw, 600px\" \/><\/a>\n\t\t\t<\/div>\n\t\t\t\t<figcaption class='wp-caption-text gallery-caption' id='gallery-3-3946'>\n\t\t\t\tLyc\u00e9e de l&rsquo;Aulne Ch\u00e2teaulin : BTSA AP Semaine MINERAL\n\t\t\t\t<\/figcaption><\/figure><figure class='gallery-item'>\n\t\t\t<div class='gallery-icon landscape'>\n\t\t\t\t<a data-elementor-open-lightbox=\"yes\" data-elementor-lightbox-slideshow=\"be558c3\" data-elementor-lightbox-title=\"Lyc\u00e9e de l&#039;Aulne Ch\u00e2teaulin : BTSA AP Semaine MINERAL\" data-elementor-lightbox-description=\"Lyc\u00e9e de l&#039;Aulne Ch\u00e2teaulin : BTSA AP Semaine MINERAL\" data-e-action-hash=\"#elementor-action%3Aaction%3Dlightbox%26settings%3DeyJpZCI6Mzk0NywidXJsIjoiaHR0cHM6XC9cL2x5Y2VlZGVsYXVsbmUuZnJcL3dwLWNvbnRlbnRcL3VwbG9hZHNcLzIwMjBcLzAxXC9QMTIxMDk1Ni5wbmciLCJzbGlkZXNob3ciOiJiZTU1OGMzIn0%3D\" href='https:\/\/lyceedelaulne.fr\/wp-content\/uploads\/2020\/01\/P1210956.png'><img loading=\"lazy\" decoding=\"async\" width=\"600\" height=\"450\" src=\"https:\/\/lyceedelaulne.fr\/wp-content\/uploads\/2020\/01\/P1210956.png\" class=\"attachment-large size-large\" alt=\"Lyc\u00e9e de l&#039;Aulne Ch\u00e2teaulin : BTSA AP Semaine MINERAL\" aria-describedby=\"gallery-3-3947\" srcset=\"https:\/\/lyceedelaulne.fr\/wp-content\/uploads\/2020\/01\/P1210956.png 600w, https:\/\/lyceedelaulne.fr\/wp-content\/uploads\/2020\/01\/P1210956-300x225.png 300w, https:\/\/lyceedelaulne.fr\/wp-content\/uploads\/2020\/01\/P1210956-360x270.png 360w\" sizes=\"(max-width: 600px) 100vw, 600px\" \/><\/a>\n\t\t\t<\/div>\n\t\t\t\t<figcaption class='wp-caption-text gallery-caption' id='gallery-3-3947'>\n\t\t\t\tLyc\u00e9e de l&rsquo;Aulne Ch\u00e2teaulin : BTSA AP Semaine MINERAL\n\t\t\t\t<\/figcaption><\/figure><figure class='gallery-item'>\n\t\t\t<div class='gallery-icon landscape'>\n\t\t\t\t<a data-elementor-open-lightbox=\"yes\" data-elementor-lightbox-slideshow=\"be558c3\" data-elementor-lightbox-title=\"Lyc\u00e9e de l&#039;Aulne Ch\u00e2teaulin : BTSA AP Semaine MINERAL\" data-elementor-lightbox-description=\"Lyc\u00e9e de l&#039;Aulne Ch\u00e2teaulin : BTSA AP Semaine MINERAL\" data-e-action-hash=\"#elementor-action%3Aaction%3Dlightbox%26settings%3DeyJpZCI6Mzk0OCwidXJsIjoiaHR0cHM6XC9cL2x5Y2VlZGVsYXVsbmUuZnJcL3dwLWNvbnRlbnRcL3VwbG9hZHNcLzIwMjBcLzAxXC9QMTIxMDk3Ni5wbmciLCJzbGlkZXNob3ciOiJiZTU1OGMzIn0%3D\" href='https:\/\/lyceedelaulne.fr\/wp-content\/uploads\/2020\/01\/P1210976.png'><img loading=\"lazy\" decoding=\"async\" width=\"600\" height=\"450\" src=\"https:\/\/lyceedelaulne.fr\/wp-content\/uploads\/2020\/01\/P1210976.png\" class=\"attachment-large size-large\" alt=\"Lyc\u00e9e de l&#039;Aulne Ch\u00e2teaulin : BTSA AP Semaine MINERAL\" aria-describedby=\"gallery-3-3948\" srcset=\"https:\/\/lyceedelaulne.fr\/wp-content\/uploads\/2020\/01\/P1210976.png 600w, https:\/\/lyceedelaulne.fr\/wp-content\/uploads\/2020\/01\/P1210976-300x225.png 300w, https:\/\/lyceedelaulne.fr\/wp-content\/uploads\/2020\/01\/P1210976-360x270.png 360w\" sizes=\"(max-width: 600px) 100vw, 600px\" \/><\/a>\n\t\t\t<\/div>\n\t\t\t\t<figcaption class='wp-caption-text gallery-caption' id='gallery-3-3948'>\n\t\t\t\tLyc\u00e9e de l&rsquo;Aulne Ch\u00e2teaulin : BTSA AP Semaine MINERAL\n\t\t\t\t<\/figcaption><\/figure><figure class='gallery-item'>\n\t\t\t<div class='gallery-icon landscape'>\n\t\t\t\t<a data-elementor-open-lightbox=\"yes\" data-elementor-lightbox-slideshow=\"be558c3\" data-elementor-lightbox-title=\"Lyc\u00e9e de l&#039;Aulne Ch\u00e2teaulin : BTSA AP Semaine MINERAL\" data-elementor-lightbox-description=\"Lyc\u00e9e de l&#039;Aulne Ch\u00e2teaulin : BTSA AP Semaine MINERAL\" data-e-action-hash=\"#elementor-action%3Aaction%3Dlightbox%26settings%3DeyJpZCI6Mzk0OSwidXJsIjoiaHR0cHM6XC9cL2x5Y2VlZGVsYXVsbmUuZnJcL3dwLWNvbnRlbnRcL3VwbG9hZHNcLzIwMjBcLzAxXC9QMTIxMDk4OC5wbmciLCJzbGlkZXNob3ciOiJiZTU1OGMzIn0%3D\" href='https:\/\/lyceedelaulne.fr\/wp-content\/uploads\/2020\/01\/P1210988.png'><img loading=\"lazy\" decoding=\"async\" width=\"600\" height=\"450\" src=\"https:\/\/lyceedelaulne.fr\/wp-content\/uploads\/2020\/01\/P1210988.png\" class=\"attachment-large size-large\" alt=\"Lyc\u00e9e de l&#039;Aulne Ch\u00e2teaulin : BTSA AP Semaine MINERAL\" aria-describedby=\"gallery-3-3949\" srcset=\"https:\/\/lyceedelaulne.fr\/wp-content\/uploads\/2020\/01\/P1210988.png 600w, https:\/\/lyceedelaulne.fr\/wp-content\/uploads\/2020\/01\/P1210988-300x225.png 300w, https:\/\/lyceedelaulne.fr\/wp-content\/uploads\/2020\/01\/P1210988-360x270.png 360w\" sizes=\"(max-width: 600px) 100vw, 600px\" \/><\/a>\n\t\t\t<\/div>\n\t\t\t\t<figcaption class='wp-caption-text gallery-caption' id='gallery-3-3949'>\n\t\t\t\tLyc\u00e9e de l&rsquo;Aulne Ch\u00e2teaulin : BTSA AP Semaine MINERAL\n\t\t\t\t<\/figcaption><\/figure><figure class='gallery-item'>\n\t\t\t<div class='gallery-icon landscape'>\n\t\t\t\t<a data-elementor-open-lightbox=\"yes\" data-elementor-lightbox-slideshow=\"be558c3\" data-elementor-lightbox-title=\"Lyc\u00e9e de l&#039;Aulne Ch\u00e2teaulin : BTSA AP Semaine MINERAL\" data-elementor-lightbox-description=\"Lyc\u00e9e de l&#039;Aulne Ch\u00e2teaulin : BTSA AP Semaine MINERAL\" data-e-action-hash=\"#elementor-action%3Aaction%3Dlightbox%26settings%3DeyJpZCI6Mzk1MCwidXJsIjoiaHR0cHM6XC9cL2x5Y2VlZGVsYXVsbmUuZnJcL3dwLWNvbnRlbnRcL3VwbG9hZHNcLzIwMjBcLzAxXC9QMTIxMDk5Ny5wbmciLCJzbGlkZXNob3ciOiJiZTU1OGMzIn0%3D\" href='https:\/\/lyceedelaulne.fr\/wp-content\/uploads\/2020\/01\/P1210997.png'><img loading=\"lazy\" decoding=\"async\" width=\"600\" height=\"450\" src=\"https:\/\/lyceedelaulne.fr\/wp-content\/uploads\/2020\/01\/P1210997.png\" class=\"attachment-large size-large\" alt=\"Lyc\u00e9e de l&#039;Aulne Ch\u00e2teaulin : BTSA AP Semaine MINERAL\" aria-describedby=\"gallery-3-3950\" srcset=\"https:\/\/lyceedelaulne.fr\/wp-content\/uploads\/2020\/01\/P1210997.png 600w, https:\/\/lyceedelaulne.fr\/wp-content\/uploads\/2020\/01\/P1210997-300x225.png 300w, https:\/\/lyceedelaulne.fr\/wp-content\/uploads\/2020\/01\/P1210997-360x270.png 360w\" sizes=\"(max-width: 600px) 100vw, 600px\" \/><\/a>\n\t\t\t<\/div>\n\t\t\t\t<figcaption class='wp-caption-text gallery-caption' id='gallery-3-3950'>\n\t\t\t\tLyc\u00e9e de l&rsquo;Aulne Ch\u00e2teaulin : BTSA AP Semaine MINERAL\n\t\t\t\t<\/figcaption><\/figure><figure class='gallery-item'>\n\t\t\t<div class='gallery-icon landscape'>\n\t\t\t\t<a data-elementor-open-lightbox=\"yes\" data-elementor-lightbox-slideshow=\"be558c3\" data-elementor-lightbox-title=\"Lyc\u00e9e de l&#039;Aulne Ch\u00e2teaulin : BTSA AP Semaine MINERAL\" data-elementor-lightbox-description=\"Lyc\u00e9e de l&#039;Aulne Ch\u00e2teaulin : BTSA AP Semaine MINERAL\" data-e-action-hash=\"#elementor-action%3Aaction%3Dlightbox%26settings%3DeyJpZCI6MzkzOSwidXJsIjoiaHR0cHM6XC9cL2x5Y2VlZGVsYXVsbmUuZnJcL3dwLWNvbnRlbnRcL3VwbG9hZHNcLzIwMjBcLzAxXC9QMTIyMDAxNi5wbmciLCJzbGlkZXNob3ciOiJiZTU1OGMzIn0%3D\" href='https:\/\/lyceedelaulne.fr\/wp-content\/uploads\/2020\/01\/P1220016.png'><img loading=\"lazy\" decoding=\"async\" width=\"600\" height=\"450\" src=\"https:\/\/lyceedelaulne.fr\/wp-content\/uploads\/2020\/01\/P1220016.png\" class=\"attachment-large size-large\" alt=\"Lyc\u00e9e de l&#039;Aulne Ch\u00e2teaulin : BTSA AP Semaine MINERAL\" aria-describedby=\"gallery-3-3939\" srcset=\"https:\/\/lyceedelaulne.fr\/wp-content\/uploads\/2020\/01\/P1220016.png 600w, https:\/\/lyceedelaulne.fr\/wp-content\/uploads\/2020\/01\/P1220016-300x225.png 300w, https:\/\/lyceedelaulne.fr\/wp-content\/uploads\/2020\/01\/P1220016-360x270.png 360w\" sizes=\"(max-width: 600px) 100vw, 600px\" \/><\/a>\n\t\t\t<\/div>\n\t\t\t\t<figcaption class='wp-caption-text gallery-caption' id='gallery-3-3939'>\n\t\t\t\tLyc\u00e9e de l&rsquo;Aulne Ch\u00e2teaulin : BTSA AP Semaine MINERAL\n\t\t\t\t<\/figcaption><\/figure><figure class='gallery-item'>\n\t\t\t<div class='gallery-icon landscape'>\n\t\t\t\t<a data-elementor-open-lightbox=\"yes\" data-elementor-lightbox-slideshow=\"be558c3\" data-elementor-lightbox-title=\"Lyc\u00e9e de l&#039;Aulne Ch\u00e2teaulin : BTSA AP Semaine MINERAL\" data-elementor-lightbox-description=\"Lyc\u00e9e de l&#039;Aulne Ch\u00e2teaulin : BTSA AP Semaine MINERAL\" data-e-action-hash=\"#elementor-action%3Aaction%3Dlightbox%26settings%3DeyJpZCI6Mzk1MSwidXJsIjoiaHR0cHM6XC9cL2x5Y2VlZGVsYXVsbmUuZnJcL3dwLWNvbnRlbnRcL3VwbG9hZHNcLzIwMjBcLzAxXC9QMTIyMDAxMS5wbmciLCJzbGlkZXNob3ciOiJiZTU1OGMzIn0%3D\" href='https:\/\/lyceedelaulne.fr\/wp-content\/uploads\/2020\/01\/P1220011.png'><img loading=\"lazy\" decoding=\"async\" width=\"600\" height=\"450\" src=\"https:\/\/lyceedelaulne.fr\/wp-content\/uploads\/2020\/01\/P1220011.png\" class=\"attachment-large size-large\" alt=\"Lyc\u00e9e de l&#039;Aulne Ch\u00e2teaulin : BTSA AP Semaine MINERAL\" aria-describedby=\"gallery-3-3951\" srcset=\"https:\/\/lyceedelaulne.fr\/wp-content\/uploads\/2020\/01\/P1220011.png 600w, https:\/\/lyceedelaulne.fr\/wp-content\/uploads\/2020\/01\/P1220011-300x225.png 300w, https:\/\/lyceedelaulne.fr\/wp-content\/uploads\/2020\/01\/P1220011-360x270.png 360w\" sizes=\"(max-width: 600px) 100vw, 600px\" \/><\/a>\n\t\t\t<\/div>\n\t\t\t\t<figcaption class='wp-caption-text gallery-caption' id='gallery-3-3951'>\n\t\t\t\tLyc\u00e9e de l&rsquo;Aulne Ch\u00e2teaulin : BTSA AP Semaine MINERAL\n\t\t\t\t<\/figcaption><\/figure><figure class='gallery-item'>\n\t\t\t<div class='gallery-icon landscape'>\n\t\t\t\t<a data-elementor-open-lightbox=\"yes\" data-elementor-lightbox-slideshow=\"be558c3\" data-elementor-lightbox-title=\"Lyc\u00e9e de l&#039;Aulne Ch\u00e2teaulin : BTSA AP Semaine MINERAL\" data-elementor-lightbox-description=\"Lyc\u00e9e de l&#039;Aulne Ch\u00e2teaulin : BTSA AP Semaine MINERAL\" data-e-action-hash=\"#elementor-action%3Aaction%3Dlightbox%26settings%3DeyJpZCI6MzkzOCwidXJsIjoiaHR0cHM6XC9cL2x5Y2VlZGVsYXVsbmUuZnJcL3dwLWNvbnRlbnRcL3VwbG9hZHNcLzIwMjBcLzAxXC9QMTIyMDAxNS5wbmciLCJzbGlkZXNob3ciOiJiZTU1OGMzIn0%3D\" href='https:\/\/lyceedelaulne.fr\/wp-content\/uploads\/2020\/01\/P1220015.png'><img loading=\"lazy\" decoding=\"async\" width=\"600\" height=\"450\" src=\"https:\/\/lyceedelaulne.fr\/wp-content\/uploads\/2020\/01\/P1220015.png\" class=\"attachment-large size-large\" alt=\"Lyc\u00e9e de l&#039;Aulne Ch\u00e2teaulin : BTSA AP Semaine MINERAL\" aria-describedby=\"gallery-3-3938\" srcset=\"https:\/\/lyceedelaulne.fr\/wp-content\/uploads\/2020\/01\/P1220015.png 600w, https:\/\/lyceedelaulne.fr\/wp-content\/uploads\/2020\/01\/P1220015-300x225.png 300w, https:\/\/lyceedelaulne.fr\/wp-content\/uploads\/2020\/01\/P1220015-360x270.png 360w\" sizes=\"(max-width: 600px) 100vw, 600px\" \/><\/a>\n\t\t\t<\/div>\n\t\t\t\t<figcaption class='wp-caption-text gallery-caption' id='gallery-3-3938'>\n\t\t\t\tLyc\u00e9e de l&rsquo;Aulne Ch\u00e2teaulin : BTSA AP Semaine MINERAL\n\t\t\t\t<\/figcaption><\/figure><figure class='gallery-item'>\n\t\t\t<div class='gallery-icon landscape'>\n\t\t\t\t<a data-elementor-open-lightbox=\"yes\" data-elementor-lightbox-slideshow=\"be558c3\" data-elementor-lightbox-title=\"Lyc\u00e9e de l&#039;Aulne Ch\u00e2teaulin : BTSA AP Semaine MINERAL\" data-elementor-lightbox-description=\"Lyc\u00e9e de l&#039;Aulne Ch\u00e2teaulin : BTSA AP Semaine MINERAL\" data-e-action-hash=\"#elementor-action%3Aaction%3Dlightbox%26settings%3DeyJpZCI6Mzk1MiwidXJsIjoiaHR0cHM6XC9cL2x5Y2VlZGVsYXVsbmUuZnJcL3dwLWNvbnRlbnRcL3VwbG9hZHNcLzIwMjBcLzAxXC9QMTIyMDAxMi5wbmciLCJzbGlkZXNob3ciOiJiZTU1OGMzIn0%3D\" href='https:\/\/lyceedelaulne.fr\/wp-content\/uploads\/2020\/01\/P1220012.png'><img loading=\"lazy\" decoding=\"async\" width=\"600\" height=\"450\" src=\"https:\/\/lyceedelaulne.fr\/wp-content\/uploads\/2020\/01\/P1220012.png\" class=\"attachment-large size-large\" alt=\"Lyc\u00e9e de l&#039;Aulne Ch\u00e2teaulin : BTSA AP Semaine MINERAL\" aria-describedby=\"gallery-3-3952\" srcset=\"https:\/\/lyceedelaulne.fr\/wp-content\/uploads\/2020\/01\/P1220012.png 600w, https:\/\/lyceedelaulne.fr\/wp-content\/uploads\/2020\/01\/P1220012-300x225.png 300w, https:\/\/lyceedelaulne.fr\/wp-content\/uploads\/2020\/01\/P1220012-360x270.png 360w\" sizes=\"(max-width: 600px) 100vw, 600px\" \/><\/a>\n\t\t\t<\/div>\n\t\t\t\t<figcaption class='wp-caption-text gallery-caption' id='gallery-3-3952'>\n\t\t\t\tLyc\u00e9e de l&rsquo;Aulne Ch\u00e2teaulin : BTSA AP Semaine MINERAL\n\t\t\t\t<\/figcaption><\/figure>\n\t\t<\/div>\n\t\t<\/div>\n\t\t\t\t\t\t<\/div>\n\t\t\t\t<\/div>\n\t\t\t\t\t<\/div>\n\t\t<\/div>\n\t\t\t\t\t<\/div>\n\t\t<\/section>\n\t\t\t\t<\/div>\n\t\t","protected":false},"excerpt":{"rendered":"<p>Semaine MINERAL Lundi 20 et mardi 21 janvier 2020, les \u00e9tudiants de BTS 1 AP ont test\u00e9 la nouvelle formule de la semaine \u00ab&nbsp;MINERAL&nbsp;\u00bb. Cette semaine vise \u00e0 faire d\u00e9couvrir et apprendre&nbsp; les diff\u00e9rentes fournitures couramment utilis\u00e9es dans la fili\u00e8re&hellip;&nbsp;<a href=\"https:\/\/lyceedelaulne.fr\/?p=3935\" class=\"more-link\">Lire la suite<\/a><\/p>\n","protected":false},"author":1,"featured_media":0,"comment_status":"open","ping_status":"open","sticky":false,"template":"","format":"standard","meta":{"footnotes":""},"categories":[1],"tags":[],"class_list":["post-3935","post","type-post","status-publish","format-standard","hentry","category-non-classe"],"_links":{"self":[{"href":"https:\/\/lyceedelaulne.fr\/index.php?rest_route=\/wp\/v2\/posts\/3935","targetHints":{"allow":["GET"]}}],"collection":[{"href":"https:\/\/lyceedelaulne.fr\/index.php?rest_route=\/wp\/v2\/posts"}],"about":[{"href":"https:\/\/lyceedelaulne.fr\/index.php?rest_route=\/wp\/v2\/types\/post"}],"author":[{"embeddable":true,"href":"https:\/\/lyceedelaulne.fr\/index.php?rest_route=\/wp\/v2\/users\/1"}],"replies":[{"embeddable":true,"href":"https:\/\/lyceedelaulne.fr\/index.php?rest_route=%2Fwp%2Fv2%2Fcomments&post=3935"}],"version-history":[{"count":4,"href":"https:\/\/lyceedelaulne.fr\/index.php?rest_route=\/wp\/v2\/posts\/3935\/revisions"}],"predecessor-version":[{"id":3956,"href":"https:\/\/lyceedelaulne.fr\/index.php?rest_route=\/wp\/v2\/posts\/3935\/revisions\/3956"}],"wp:attachment":[{"href":"https:\/\/lyceedelaulne.fr\/index.php?rest_route=%2Fwp%2Fv2%2Fmedia&parent=3935"}],"wp:term":[{"taxonomy":"category","embeddable":true,"href":"https:\/\/lyceedelaulne.fr\/index.php?rest_route=%2Fwp%2Fv2%2Fcategories&post=3935"},{"taxonomy":"post_tag","embeddable":true,"href":"https:\/\/lyceedelaulne.fr\/index.php?rest_route=%2Fwp%2Fv2%2Ftags&post=3935"}],"curies":[{"name":"wp","href":"https:\/\/api.w.org\/{rel}","templated":true}]}}