{"id":2478,"date":"2019-09-25T15:13:11","date_gmt":"2019-09-25T13:13:11","guid":{"rendered":"http:\/\/lyceedelaulne.fr\/?p=2478"},"modified":"2019-09-30T12:26:31","modified_gmt":"2019-09-30T10:26:31","slug":"projet-algues","status":"publish","type":"post","link":"https:\/\/lyceedelaulne.fr\/?p=2478","title":{"rendered":"Projet algues"},"content":{"rendered":"\t\t<div data-elementor-type=\"wp-post\" data-elementor-id=\"2478\" class=\"elementor elementor-2478\">\n\t\t\t\t\t\t<section class=\"elementor-section elementor-top-section elementor-element elementor-element-52fab1a1 elementor-section-boxed elementor-section-height-default elementor-section-height-default\" data-id=\"52fab1a1\" data-element_type=\"section\" data-e-type=\"section\">\n\t\t\t\t\t\t<div class=\"elementor-container elementor-column-gap-default\">\n\t\t\t\t\t<div class=\"elementor-column elementor-col-100 elementor-top-column elementor-element elementor-element-680f3d20\" data-id=\"680f3d20\" data-element_type=\"column\" data-e-type=\"column\">\n\t\t\t<div class=\"elementor-widget-wrap elementor-element-populated\">\n\t\t\t\t\t\t<div class=\"elementor-element elementor-element-4ba42b7d elementor-widget elementor-widget-heading\" data-id=\"4ba42b7d\" data-element_type=\"widget\" data-e-type=\"widget\" data-widget_type=\"heading.default\">\n\t\t\t\t<div class=\"elementor-widget-container\">\n\t\t\t\t\t<h2 class=\"elementor-heading-title elementor-size-default\">De la plage \u00e0 l'assiette : r\u00e9colte et transformation<\/h2>\t\t\t\t<\/div>\n\t\t\t\t<\/div>\n\t\t\t\t\t<\/div>\n\t\t<\/div>\n\t\t\t\t\t<\/div>\n\t\t<\/section>\n\t\t\t\t<section class=\"elementor-section elementor-top-section elementor-element elementor-element-399088c2 elementor-section-boxed elementor-section-height-default elementor-section-height-default\" data-id=\"399088c2\" data-element_type=\"section\" data-e-type=\"section\">\n\t\t\t\t\t\t<div class=\"elementor-container elementor-column-gap-default\">\n\t\t\t\t\t<div class=\"elementor-column elementor-col-100 elementor-top-column elementor-element elementor-element-1807b29b\" data-id=\"1807b29b\" data-element_type=\"column\" data-e-type=\"column\">\n\t\t\t<div class=\"elementor-widget-wrap elementor-element-populated\">\n\t\t\t\t\t\t<div class=\"elementor-element elementor-element-24eebdb elementor-widget elementor-widget-text-editor\" data-id=\"24eebdb\" data-element_type=\"widget\" data-e-type=\"widget\" data-widget_type=\"text-editor.default\">\n\t\t\t\t<div class=\"elementor-widget-container\">\n\t\t\t\t\t\t\t\t\t<p class=\"MsoNormal\" style=\"text-align: justify;\"><img fetchpriority=\"high\" decoding=\"async\" class=\"size-full wp-image-2805 alignleft\" src=\"http:\/\/lyceedelaulne.fr\/wp-content\/uploads\/2019\/09\/IMG_3818-e1569838552340.jpg\" alt=\"\" width=\"450\" height=\"600\" srcset=\"https:\/\/lyceedelaulne.fr\/wp-content\/uploads\/2019\/09\/IMG_3818-e1569838552340.jpg 450w, https:\/\/lyceedelaulne.fr\/wp-content\/uploads\/2019\/09\/IMG_3818-e1569838552340-225x300.jpg 225w, https:\/\/lyceedelaulne.fr\/wp-content\/uploads\/2019\/09\/IMG_3818-e1569838552340-203x270.jpg 203w\" sizes=\"(max-width: 450px) 100vw, 450px\" \/>Apr\u00e8s une apr\u00e8s midi \u00e0 d\u00e9couvrir que les algues&#8230;.Ca se mange\u00a0!!, et que c\u2019est m\u00eame tr\u00e8s bon pour notre sant\u00e9, Les voil\u00e0 partis pour une journ\u00e9e cueillette et d\u00e9couverte des emplois de la fili\u00e8re algues en pays Bigouden.<\/p><p class=\"MsoNormal\" style=\"text-align: justify;\">La journ\u00e9e commence par une cueillette d\u2019algues sur l\u2019estran \u00e0 9h 30 il est temps d\u2019enfiler les bottes, sous la pluie seaux et ciseaux \u00e0 la main les \u00e9l\u00e8ves avancent d\u00e9termin\u00e9s . Il s\u2019agit de rep\u00e9rer dans le milieu ce que l\u2019on a appris dans la salle de classe. Vertes, brunes, rouges il y en a de toutes les couleurs. Rapidement aid\u00e9s par leurs professeurs, les \u00e9l\u00e8ves identifient, rep\u00e8rent, diff\u00e9rencient, choisissent de beaux sp\u00e9cimens\u00a0: <i>ulves,<\/i> <i>ant\u00e9romorphes,<\/i> chondrus <i>crispus, laminaria digitata et sacharina, dulse<\/i> remplissent les paniers, d\u00e9licatement coup\u00e9es, puis rinc\u00e9es pour enlever le sable car le lendemain il faudra les cuisiner.<\/p><p class=\"MsoNormal\" style=\"text-align: justify;\">Vient ensuite la visite de l\u2019entreprise de Scarlette le Corre au Guilvinec personnage haut en couleurs dont le discours sur la valeur nutritive des algues, sur leurs bienfaits mais aussi sur la n\u00e9cessaire urgence \u00e0 pr\u00e9server leur milieu naturel, la mer, fait mouche aupr\u00e8s des jeunes.<\/p><p class=\"MsoNormal\" style=\"text-align: justify;\">Apr\u00e8s le repas du midi,. Une mont\u00e9e digestive en haut du phare d\u2019Eckm\u00fchl afin d\u2019admirer la pointe sud-ouest du Finist\u00e8re et \u2026..<\/p><p class=\"MsoNormal\" style=\"text-align: justify;\">A15h il est d\u00e9j\u00e0 temps de visiter la conserverie Oc\u00e9ane Alimentaire de St Gu\u00e9nol\u00e9, o\u00f9 sont fabriqu\u00e9es des conserves bio de poissons frais mais aussi de tartares d\u2019algues et de haricots de mer (<i>himanthalia \u00e9longata<\/i>).<\/p><p class=\"MsoNormal\" style=\"text-align: justify;\">Le lendemain matin dans la cuisine p\u00e9dagogique du lyc\u00e9e de l\u2019Aulne, place aux apprentis marmitons de la cuisine aux algues. Au menu\u00a0: omelette aux algues, salade de crudit\u00e9s bio -production du lyc\u00e9e- associ\u00e9es \u00e0 3 algues de couleurs diff\u00e9rentes, tartare d\u2019algues. Enfin, un saut\u00e9 de <i>konbu royal<\/i> <i>(laminaria sccharina)<\/i> vient ponctuer ces plats qui seront servis aux curieux du go\u00fbt.<\/p><p class=\"MsoNormal\" style=\"text-align: justify;\">Le tout servi par les \u00e9l\u00e8ves de 3<sup>\u00e8me<\/sup> qui sont aussi capables de livrer des explications car ils connaissent d\u00e9sormais toutes les \u00e9tapes et tous les m\u00e9tiers qui conduisent ces l\u00e9gumes de la mer du rocher \u00e0 l\u2019assiette. Un vrai moment de valorisation pour ces jeunes .<\/p>\t\t\t\t\t\t\t\t<\/div>\n\t\t\t\t<\/div>\n\t\t\t\t\t<\/div>\n\t\t<\/div>\n\t\t\t\t\t<\/div>\n\t\t<\/section>\n\t\t\t\t<section class=\"elementor-section elementor-top-section elementor-element elementor-element-1f2f3a1 elementor-section-boxed elementor-section-height-default elementor-section-height-default\" data-id=\"1f2f3a1\" data-element_type=\"section\" data-e-type=\"section\">\n\t\t\t\t\t\t<div class=\"elementor-container elementor-column-gap-default\">\n\t\t\t\t\t<div class=\"elementor-column elementor-col-100 elementor-top-column elementor-element elementor-element-779f040\" data-id=\"779f040\" data-element_type=\"column\" data-e-type=\"column\">\n\t\t\t<div class=\"elementor-widget-wrap elementor-element-populated\">\n\t\t\t\t\t\t<div class=\"elementor-element elementor-element-af3d115 elementor-widget elementor-widget-image-gallery\" data-id=\"af3d115\" data-element_type=\"widget\" data-e-type=\"widget\" data-widget_type=\"image-gallery.default\">\n\t\t\t\t<div class=\"elementor-widget-container\">\n\t\t\t\t\t\t\t<div class=\"elementor-image-gallery\">\n\t\t\t<div id='gallery-1' class='gallery galleryid-2478 gallery-columns-3 gallery-size-large'><figure class='gallery-item'>\n\t\t\t<div class='gallery-icon landscape'>\n\t\t\t\t<a data-elementor-open-lightbox=\"yes\" data-elementor-lightbox-slideshow=\"af3d115\" data-elementor-lightbox-title=\"3\u00e8 lyc\u00e9e de l&#039;Aulne algues pr\u00e9p\" data-e-action-hash=\"#elementor-action%3Aaction%3Dlightbox%26settings%3DeyJpZCI6MjgwNiwidXJsIjoiaHR0cHM6XC9cL2x5Y2VlZGVsYXVsbmUuZnJcL3dwLWNvbnRlbnRcL3VwbG9hZHNcLzIwMTlcLzA5XC9JTUdfMzgyMi5qcGciLCJzbGlkZXNob3ciOiJhZjNkMTE1In0%3D\" href='https:\/\/lyceedelaulne.fr\/wp-content\/uploads\/2019\/09\/IMG_3822.jpg'><img decoding=\"async\" width=\"600\" height=\"450\" src=\"https:\/\/lyceedelaulne.fr\/wp-content\/uploads\/2019\/09\/IMG_3822.jpg\" class=\"attachment-large size-large\" alt=\"3\u00e8 lyc\u00e9e de l&#039;Aulne algues pr\u00e9p\" srcset=\"https:\/\/lyceedelaulne.fr\/wp-content\/uploads\/2019\/09\/IMG_3822.jpg 600w, https:\/\/lyceedelaulne.fr\/wp-content\/uploads\/2019\/09\/IMG_3822-300x225.jpg 300w, https:\/\/lyceedelaulne.fr\/wp-content\/uploads\/2019\/09\/IMG_3822-360x270.jpg 360w\" sizes=\"(max-width: 600px) 100vw, 600px\" \/><\/a>\n\t\t\t<\/div><\/figure><figure class='gallery-item'>\n\t\t\t<div class='gallery-icon landscape'>\n\t\t\t\t<a data-elementor-open-lightbox=\"yes\" data-elementor-lightbox-slideshow=\"af3d115\" data-elementor-lightbox-title=\"3\u00e8 lyc\u00e9e de l&#039;Aulne algues\" data-e-action-hash=\"#elementor-action%3Aaction%3Dlightbox%26settings%3DeyJpZCI6MjgwNywidXJsIjoiaHR0cHM6XC9cL2x5Y2VlZGVsYXVsbmUuZnJcL3dwLWNvbnRlbnRcL3VwbG9hZHNcLzIwMTlcLzA5XC9JTUdfMzgyMy5qcGciLCJzbGlkZXNob3ciOiJhZjNkMTE1In0%3D\" href='https:\/\/lyceedelaulne.fr\/wp-content\/uploads\/2019\/09\/IMG_3823.jpg'><img decoding=\"async\" width=\"600\" height=\"450\" src=\"https:\/\/lyceedelaulne.fr\/wp-content\/uploads\/2019\/09\/IMG_3823.jpg\" class=\"attachment-large size-large\" alt=\"3\u00e8 lyc\u00e9e de l&#039;Aulne algues5\" srcset=\"https:\/\/lyceedelaulne.fr\/wp-content\/uploads\/2019\/09\/IMG_3823.jpg 600w, https:\/\/lyceedelaulne.fr\/wp-content\/uploads\/2019\/09\/IMG_3823-300x225.jpg 300w, https:\/\/lyceedelaulne.fr\/wp-content\/uploads\/2019\/09\/IMG_3823-360x270.jpg 360w\" sizes=\"(max-width: 600px) 100vw, 600px\" \/><\/a>\n\t\t\t<\/div><\/figure><figure class='gallery-item'>\n\t\t\t<div class='gallery-icon landscape'>\n\t\t\t\t<a data-elementor-open-lightbox=\"yes\" data-elementor-lightbox-slideshow=\"af3d115\" data-elementor-lightbox-title=\"3\u00e8 lyc\u00e9e de l&#039;Aulne algues6\" data-e-action-hash=\"#elementor-action%3Aaction%3Dlightbox%26settings%3DeyJpZCI6MjgwOCwidXJsIjoiaHR0cHM6XC9cL2x5Y2VlZGVsYXVsbmUuZnJcL3dwLWNvbnRlbnRcL3VwbG9hZHNcLzIwMTlcLzA5XC9JTUdfMzgyNC5qcGciLCJzbGlkZXNob3ciOiJhZjNkMTE1In0%3D\" href='https:\/\/lyceedelaulne.fr\/wp-content\/uploads\/2019\/09\/IMG_3824.jpg'><img loading=\"lazy\" decoding=\"async\" width=\"600\" height=\"450\" src=\"https:\/\/lyceedelaulne.fr\/wp-content\/uploads\/2019\/09\/IMG_3824.jpg\" class=\"attachment-large size-large\" alt=\"3\u00e8 lyc\u00e9e de l&#039;Aulne algues6\" srcset=\"https:\/\/lyceedelaulne.fr\/wp-content\/uploads\/2019\/09\/IMG_3824.jpg 600w, https:\/\/lyceedelaulne.fr\/wp-content\/uploads\/2019\/09\/IMG_3824-300x225.jpg 300w, https:\/\/lyceedelaulne.fr\/wp-content\/uploads\/2019\/09\/IMG_3824-360x270.jpg 360w\" sizes=\"(max-width: 600px) 100vw, 600px\" \/><\/a>\n\t\t\t<\/div><\/figure><figure class='gallery-item'>\n\t\t\t<div class='gallery-icon landscape'>\n\t\t\t\t<a data-elementor-open-lightbox=\"yes\" data-elementor-lightbox-slideshow=\"af3d115\" data-elementor-lightbox-title=\"3\u00e8 lyc\u00e9e de l&#039;Aulne algues4\" data-e-action-hash=\"#elementor-action%3Aaction%3Dlightbox%26settings%3DeyJpZCI6MjgwOSwidXJsIjoiaHR0cHM6XC9cL2x5Y2VlZGVsYXVsbmUuZnJcL3dwLWNvbnRlbnRcL3VwbG9hZHNcLzIwMTlcLzA5XC9JTUdfMzgyNy5qcGciLCJzbGlkZXNob3ciOiJhZjNkMTE1In0%3D\" href='https:\/\/lyceedelaulne.fr\/wp-content\/uploads\/2019\/09\/IMG_3827.jpg'><img loading=\"lazy\" decoding=\"async\" width=\"600\" height=\"450\" src=\"https:\/\/lyceedelaulne.fr\/wp-content\/uploads\/2019\/09\/IMG_3827.jpg\" class=\"attachment-large size-large\" alt=\"3\u00e8 lyc\u00e9e de l&#039;Aulne algues4\" srcset=\"https:\/\/lyceedelaulne.fr\/wp-content\/uploads\/2019\/09\/IMG_3827.jpg 600w, https:\/\/lyceedelaulne.fr\/wp-content\/uploads\/2019\/09\/IMG_3827-300x225.jpg 300w, https:\/\/lyceedelaulne.fr\/wp-content\/uploads\/2019\/09\/IMG_3827-360x270.jpg 360w\" sizes=\"(max-width: 600px) 100vw, 600px\" \/><\/a>\n\t\t\t<\/div><\/figure><figure class='gallery-item'>\n\t\t\t<div class='gallery-icon landscape'>\n\t\t\t\t<a data-elementor-open-lightbox=\"yes\" data-elementor-lightbox-slideshow=\"af3d115\" data-elementor-lightbox-title=\"3\u00e8 lyc\u00e9e de l&#039;Aulne algues3\" data-e-action-hash=\"#elementor-action%3Aaction%3Dlightbox%26settings%3DeyJpZCI6MjgxMCwidXJsIjoiaHR0cHM6XC9cL2x5Y2VlZGVsYXVsbmUuZnJcL3dwLWNvbnRlbnRcL3VwbG9hZHNcLzIwMTlcLzA5XC9JTUdfMzgzMC5qcGciLCJzbGlkZXNob3ciOiJhZjNkMTE1In0%3D\" data-elementor-lightbox-description=\"3\u00e8 lyc\u00e9e de l&#039;Aulne algues3\" href='https:\/\/lyceedelaulne.fr\/wp-content\/uploads\/2019\/09\/IMG_3830.jpg'><img loading=\"lazy\" decoding=\"async\" width=\"600\" height=\"450\" src=\"https:\/\/lyceedelaulne.fr\/wp-content\/uploads\/2019\/09\/IMG_3830.jpg\" class=\"attachment-large size-large\" alt=\"3\u00e8 lyc\u00e9e de l&#039;Aulne algues3\" srcset=\"https:\/\/lyceedelaulne.fr\/wp-content\/uploads\/2019\/09\/IMG_3830.jpg 600w, https:\/\/lyceedelaulne.fr\/wp-content\/uploads\/2019\/09\/IMG_3830-300x225.jpg 300w, https:\/\/lyceedelaulne.fr\/wp-content\/uploads\/2019\/09\/IMG_3830-360x270.jpg 360w\" sizes=\"(max-width: 600px) 100vw, 600px\" \/><\/a>\n\t\t\t<\/div><\/figure><figure class='gallery-item'>\n\t\t\t<div class='gallery-icon landscape'>\n\t\t\t\t<a data-elementor-open-lightbox=\"yes\" data-elementor-lightbox-slideshow=\"af3d115\" data-elementor-lightbox-title=\"3\u00e8 lyc\u00e9e de l&#039;Aulne algues1\" data-e-action-hash=\"#elementor-action%3Aaction%3Dlightbox%26settings%3DeyJpZCI6MjgxMSwidXJsIjoiaHR0cHM6XC9cL2x5Y2VlZGVsYXVsbmUuZnJcL3dwLWNvbnRlbnRcL3VwbG9hZHNcLzIwMTlcLzA5XC9JTUdfMzgzMS5qcGciLCJzbGlkZXNob3ciOiJhZjNkMTE1In0%3D\" data-elementor-lightbox-description=\"3\u00e8 lyc\u00e9e de l&#039;Aulne algues1\" href='https:\/\/lyceedelaulne.fr\/wp-content\/uploads\/2019\/09\/IMG_3831.jpg'><img loading=\"lazy\" decoding=\"async\" width=\"600\" height=\"450\" src=\"https:\/\/lyceedelaulne.fr\/wp-content\/uploads\/2019\/09\/IMG_3831.jpg\" class=\"attachment-large size-large\" alt=\"3\u00e8 lyc\u00e9e de l&#039;Aulne algues1\" srcset=\"https:\/\/lyceedelaulne.fr\/wp-content\/uploads\/2019\/09\/IMG_3831.jpg 600w, https:\/\/lyceedelaulne.fr\/wp-content\/uploads\/2019\/09\/IMG_3831-300x225.jpg 300w, https:\/\/lyceedelaulne.fr\/wp-content\/uploads\/2019\/09\/IMG_3831-360x270.jpg 360w\" sizes=\"(max-width: 600px) 100vw, 600px\" \/><\/a>\n\t\t\t<\/div><\/figure><figure class='gallery-item'>\n\t\t\t<div class='gallery-icon landscape'>\n\t\t\t\t<a data-elementor-open-lightbox=\"yes\" data-elementor-lightbox-slideshow=\"af3d115\" data-elementor-lightbox-title=\"3\u00e8 lyc\u00e9e de l&#039;Aulne algues2\" data-e-action-hash=\"#elementor-action%3Aaction%3Dlightbox%26settings%3DeyJpZCI6MjgxMiwidXJsIjoiaHR0cHM6XC9cL2x5Y2VlZGVsYXVsbmUuZnJcL3dwLWNvbnRlbnRcL3VwbG9hZHNcLzIwMTlcLzA5XC9JTUdfMzgzMi5qcGciLCJzbGlkZXNob3ciOiJhZjNkMTE1In0%3D\" data-elementor-lightbox-description=\"3\u00e8 lyc\u00e9e de l&#039;Aulne algues2\" href='https:\/\/lyceedelaulne.fr\/wp-content\/uploads\/2019\/09\/IMG_3832.jpg'><img loading=\"lazy\" decoding=\"async\" width=\"600\" height=\"450\" src=\"https:\/\/lyceedelaulne.fr\/wp-content\/uploads\/2019\/09\/IMG_3832.jpg\" class=\"attachment-large size-large\" alt=\"3\u00e8 lyc\u00e9e de l&#039;Aulne algues2\" srcset=\"https:\/\/lyceedelaulne.fr\/wp-content\/uploads\/2019\/09\/IMG_3832.jpg 600w, https:\/\/lyceedelaulne.fr\/wp-content\/uploads\/2019\/09\/IMG_3832-300x225.jpg 300w, https:\/\/lyceedelaulne.fr\/wp-content\/uploads\/2019\/09\/IMG_3832-360x270.jpg 360w\" sizes=\"(max-width: 600px) 100vw, 600px\" \/><\/a>\n\t\t\t<\/div><\/figure><figure class='gallery-item'>\n\t\t\t<div class='gallery-icon landscape'>\n\t\t\t\t<a data-elementor-open-lightbox=\"yes\" data-elementor-lightbox-slideshow=\"af3d115\" data-elementor-lightbox-title=\"3\u00e8 lyc\u00e9e de l&#039;Aulne algues\" data-e-action-hash=\"#elementor-action%3Aaction%3Dlightbox%26settings%3DeyJpZCI6MjgxMywidXJsIjoiaHR0cHM6XC9cL2x5Y2VlZGVsYXVsbmUuZnJcL3dwLWNvbnRlbnRcL3VwbG9hZHNcLzIwMTlcLzA5XC9JTUdfMzgzMy5qcGciLCJzbGlkZXNob3ciOiJhZjNkMTE1In0%3D\" data-elementor-lightbox-description=\"3\u00e8 lyc\u00e9e de l&#039;Aulne algues\" href='https:\/\/lyceedelaulne.fr\/wp-content\/uploads\/2019\/09\/IMG_3833.jpg'><img loading=\"lazy\" decoding=\"async\" width=\"600\" height=\"450\" src=\"https:\/\/lyceedelaulne.fr\/wp-content\/uploads\/2019\/09\/IMG_3833.jpg\" class=\"attachment-large size-large\" alt=\"3\u00e8 lyc\u00e9e de l&#039;Aulne algues\" srcset=\"https:\/\/lyceedelaulne.fr\/wp-content\/uploads\/2019\/09\/IMG_3833.jpg 600w, https:\/\/lyceedelaulne.fr\/wp-content\/uploads\/2019\/09\/IMG_3833-300x225.jpg 300w, https:\/\/lyceedelaulne.fr\/wp-content\/uploads\/2019\/09\/IMG_3833-360x270.jpg 360w\" sizes=\"(max-width: 600px) 100vw, 600px\" \/><\/a>\n\t\t\t<\/div><\/figure><figure class='gallery-item'>\n\t\t\t<div class='gallery-icon landscape'>\n\t\t\t\t<a data-elementor-open-lightbox=\"yes\" data-elementor-lightbox-slideshow=\"af3d115\" data-elementor-lightbox-title=\"3\u00e8 lyc\u00e9e de l&#039;Aulne algues pr\u00e9sentatio\" data-e-action-hash=\"#elementor-action%3Aaction%3Dlightbox%26settings%3DeyJpZCI6MjgwNCwidXJsIjoiaHR0cHM6XC9cL2x5Y2VlZGVsYXVsbmUuZnJcL3dwLWNvbnRlbnRcL3VwbG9hZHNcLzIwMTlcLzA5XC9JTUdfMzgzNy5qcGciLCJzbGlkZXNob3ciOiJhZjNkMTE1In0%3D\" data-elementor-lightbox-description=\"3\u00e8 lyc\u00e9e de l&#039;Aulne algues\" href='https:\/\/lyceedelaulne.fr\/wp-content\/uploads\/2019\/09\/IMG_3837.jpg'><img loading=\"lazy\" decoding=\"async\" width=\"600\" height=\"450\" src=\"https:\/\/lyceedelaulne.fr\/wp-content\/uploads\/2019\/09\/IMG_3837.jpg\" class=\"attachment-large size-large\" alt=\"3\u00e8 lyc\u00e9e de l&#039;Aulne algues pr\u00e9sentation\" srcset=\"https:\/\/lyceedelaulne.fr\/wp-content\/uploads\/2019\/09\/IMG_3837.jpg 600w, https:\/\/lyceedelaulne.fr\/wp-content\/uploads\/2019\/09\/IMG_3837-300x225.jpg 300w, https:\/\/lyceedelaulne.fr\/wp-content\/uploads\/2019\/09\/IMG_3837-360x270.jpg 360w\" sizes=\"(max-width: 600px) 100vw, 600px\" \/><\/a>\n\t\t\t<\/div><\/figure>\n\t\t<\/div>\n\t\t<\/div>\n\t\t\t\t\t\t<\/div>\n\t\t\t\t<\/div>\n\t\t\t\t\t<\/div>\n\t\t<\/div>\n\t\t\t\t\t<\/div>\n\t\t<\/section>\n\t\t\t\t<\/div>\n\t\t","protected":false},"excerpt":{"rendered":"<p>De la plage \u00e0 l&rsquo;assiette : r\u00e9colte et transformation Apr\u00e8s une apr\u00e8s midi \u00e0 d\u00e9couvrir que les algues&#8230;.Ca se mange\u00a0!!, et que c\u2019est m\u00eame tr\u00e8s bon pour notre sant\u00e9, Les voil\u00e0 partis pour une journ\u00e9e cueillette et d\u00e9couverte des emplois&hellip;&nbsp;<a href=\"https:\/\/lyceedelaulne.fr\/?p=2478\" class=\"more-link\">Lire la suite<\/a><\/p>\n","protected":false},"author":1,"featured_media":0,"comment_status":"open","ping_status":"open","sticky":false,"template":"","format":"standard","meta":{"footnotes":""},"categories":[1],"tags":[],"class_list":["post-2478","post","type-post","status-publish","format-standard","hentry","category-non-classe"],"_links":{"self":[{"href":"https:\/\/lyceedelaulne.fr\/index.php?rest_route=\/wp\/v2\/posts\/2478","targetHints":{"allow":["GET"]}}],"collection":[{"href":"https:\/\/lyceedelaulne.fr\/index.php?rest_route=\/wp\/v2\/posts"}],"about":[{"href":"https:\/\/lyceedelaulne.fr\/index.php?rest_route=\/wp\/v2\/types\/post"}],"author":[{"embeddable":true,"href":"https:\/\/lyceedelaulne.fr\/index.php?rest_route=\/wp\/v2\/users\/1"}],"replies":[{"embeddable":true,"href":"https:\/\/lyceedelaulne.fr\/index.php?rest_route=%2Fwp%2Fv2%2Fcomments&post=2478"}],"version-history":[{"count":7,"href":"https:\/\/lyceedelaulne.fr\/index.php?rest_route=\/wp\/v2\/posts\/2478\/revisions"}],"predecessor-version":[{"id":2815,"href":"https:\/\/lyceedelaulne.fr\/index.php?rest_route=\/wp\/v2\/posts\/2478\/revisions\/2815"}],"wp:attachment":[{"href":"https:\/\/lyceedelaulne.fr\/index.php?rest_route=%2Fwp%2Fv2%2Fmedia&parent=2478"}],"wp:term":[{"taxonomy":"category","embeddable":true,"href":"https:\/\/lyceedelaulne.fr\/index.php?rest_route=%2Fwp%2Fv2%2Fcategories&post=2478"},{"taxonomy":"post_tag","embeddable":true,"href":"https:\/\/lyceedelaulne.fr\/index.php?rest_route=%2Fwp%2Fv2%2Ftags&post=2478"}],"curies":[{"name":"wp","href":"https:\/\/api.w.org\/{rel}","templated":true}]}}