{"id":2358,"date":"2019-09-24T12:32:30","date_gmt":"2019-09-24T10:32:30","guid":{"rendered":"http:\/\/lyceedelaulne.fr\/?p=2358"},"modified":"2019-09-30T16:58:13","modified_gmt":"2019-09-30T14:58:13","slug":"semaine-vegetale","status":"publish","type":"post","link":"https:\/\/lyceedelaulne.fr\/?p=2358","title":{"rendered":"Une semaine v\u00e9g\u00e9tale pour les BTS AP1"},"content":{"rendered":"\t\t<div data-elementor-type=\"wp-post\" data-elementor-id=\"2358\" class=\"elementor elementor-2358\">\n\t\t\t\t\t\t<section class=\"elementor-section elementor-top-section elementor-element elementor-element-4a32ac54 elementor-section-boxed elementor-section-height-default elementor-section-height-default\" data-id=\"4a32ac54\" data-element_type=\"section\" data-e-type=\"section\">\n\t\t\t\t\t\t<div class=\"elementor-container elementor-column-gap-default\">\n\t\t\t\t\t<div class=\"elementor-column elementor-col-100 elementor-top-column elementor-element elementor-element-7c6a10ee\" data-id=\"7c6a10ee\" data-element_type=\"column\" data-e-type=\"column\">\n\t\t\t<div class=\"elementor-widget-wrap elementor-element-populated\">\n\t\t\t\t\t\t<div class=\"elementor-element elementor-element-7db4d689 elementor-widget elementor-widget-heading\" data-id=\"7db4d689\" data-element_type=\"widget\" data-e-type=\"widget\" data-widget_type=\"heading.default\">\n\t\t\t\t<div class=\"elementor-widget-container\">\n\t\t\t\t\t<h2 class=\"elementor-heading-title elementor-size-default\">LES BTS AP EN SEMAINE V\u00c9G\u00c9TALE A CLOHARS(29) ET SENE(56)<\/h2>\t\t\t\t<\/div>\n\t\t\t\t<\/div>\n\t\t\t\t\t<\/div>\n\t\t<\/div>\n\t\t\t\t\t<\/div>\n\t\t<\/section>\n\t\t\t\t<section class=\"elementor-section elementor-top-section elementor-element elementor-element-6aed326f elementor-section-boxed elementor-section-height-default elementor-section-height-default\" data-id=\"6aed326f\" data-element_type=\"section\" data-e-type=\"section\">\n\t\t\t\t\t\t<div class=\"elementor-container elementor-column-gap-default\">\n\t\t\t\t\t<div class=\"elementor-column elementor-col-100 elementor-top-column elementor-element elementor-element-7eb8cc24\" data-id=\"7eb8cc24\" data-element_type=\"column\" data-e-type=\"column\">\n\t\t\t<div class=\"elementor-widget-wrap elementor-element-populated\">\n\t\t\t\t\t\t<div class=\"elementor-element elementor-element-5ccec7b4 elementor-widget elementor-widget-text-editor\" data-id=\"5ccec7b4\" data-element_type=\"widget\" data-e-type=\"widget\" data-widget_type=\"text-editor.default\">\n\t\t\t\t<div class=\"elementor-widget-container\">\n\t\t\t\t\t\t\t\t\t<p style=\"margin-bottom: 9px; font-family: Roboto, sans-serif; font-size: 14px; background-color: #ffffff;\">Les\u00a0<acronym lang=\"\" title=\"Brevet de Technicien Sup\u00e9rieur\">BTS<\/acronym>\u00a0AP 1\u00e8re ann\u00e9e participent \u00e0\u00a0<b>Clohars Carno\u00ebt (29)<\/b>\u00a0\u00e0 la plantation dans le cadre d&rsquo;un r\u00e9am\u00e9nagement urbain :\u00a0 mise en place de toile biod\u00e9gradable et plantation de vivaces couvre sols et arbustes en accompagnement routier.<\/p><p style=\"margin-bottom: 9px; font-family: Roboto, sans-serif; font-size: 14px; background-color: #ffffff;\">A\u00a0<b>SENE (56)<\/b>, plantation de 18 arbres et 850 arbustes en partenariat avec un camping situ\u00e9: mise en place de 150 m de grillage et pose de ganivelles.<\/p><p style=\"margin-bottom: 9px; font-family: Roboto, sans-serif; font-size: 14px; background-color: #ffffff;\">Les objectifs de cette semaine:<\/p><p style=\"margin-bottom: 9px; font-family: Roboto, sans-serif; font-size: 14px; background-color: #ffffff;\">&#8211; Choisir une palette v\u00e9g\u00e9tale en fonction de la demande et d&rsquo;un contexte;<br \/>&#8211; Organiser un chantier;<br \/>&#8211; Mettre en pratique les diff\u00e9rentes techniques de plantations<br \/>&#8211; Vivre ensemble.<\/p>\t\t\t\t\t\t\t\t<\/div>\n\t\t\t\t<\/div>\n\t\t\t\t\t<\/div>\n\t\t<\/div>\n\t\t\t\t\t<\/div>\n\t\t<\/section>\n\t\t\t\t<section class=\"elementor-section elementor-top-section elementor-element elementor-element-1fcf7c9 elementor-section-boxed elementor-section-height-default elementor-section-height-default\" data-id=\"1fcf7c9\" data-element_type=\"section\" data-e-type=\"section\">\n\t\t\t\t\t\t<div class=\"elementor-container elementor-column-gap-default\">\n\t\t\t\t\t<div class=\"elementor-column elementor-col-100 elementor-top-column elementor-element elementor-element-dc5da3e\" data-id=\"dc5da3e\" data-element_type=\"column\" data-e-type=\"column\">\n\t\t\t<div class=\"elementor-widget-wrap elementor-element-populated\">\n\t\t\t\t\t\t<div class=\"elementor-element elementor-element-8fed169 elementor-widget elementor-widget-image-gallery\" data-id=\"8fed169\" data-element_type=\"widget\" data-e-type=\"widget\" data-widget_type=\"image-gallery.default\">\n\t\t\t\t<div class=\"elementor-widget-container\">\n\t\t\t\t\t\t\t<div class=\"elementor-image-gallery\">\n\t\t\t<div id='gallery-1' class='gallery galleryid-2358 gallery-columns-3 gallery-size-large'><figure class='gallery-item'>\n\t\t\t<div class='gallery-icon landscape'>\n\t\t\t\t<a data-elementor-open-lightbox=\"yes\" data-elementor-lightbox-slideshow=\"8fed169\" data-elementor-lightbox-title=\"P1010911\" data-e-action-hash=\"#elementor-action%3Aaction%3Dlightbox%26settings%3DeyJpZCI6MjM2MiwidXJsIjoiaHR0cHM6XC9cL2x5Y2VlZGVsYXVsbmUuZnJcL3dwLWNvbnRlbnRcL3VwbG9hZHNcLzIwMTlcLzA5XC9QMTAxMDkxMS5qcGciLCJzbGlkZXNob3ciOiI4ZmVkMTY5In0%3D\" href='https:\/\/lyceedelaulne.fr\/wp-content\/uploads\/2019\/09\/P1010911.jpg'><img fetchpriority=\"high\" decoding=\"async\" width=\"600\" height=\"450\" src=\"https:\/\/lyceedelaulne.fr\/wp-content\/uploads\/2019\/09\/P1010911.jpg\" class=\"attachment-large size-large\" alt=\"\" srcset=\"https:\/\/lyceedelaulne.fr\/wp-content\/uploads\/2019\/09\/P1010911.jpg 600w, https:\/\/lyceedelaulne.fr\/wp-content\/uploads\/2019\/09\/P1010911-300x225.jpg 300w, https:\/\/lyceedelaulne.fr\/wp-content\/uploads\/2019\/09\/P1010911-360x270.jpg 360w\" sizes=\"(max-width: 600px) 100vw, 600px\" \/><\/a>\n\t\t\t<\/div><\/figure><figure class='gallery-item'>\n\t\t\t<div class='gallery-icon landscape'>\n\t\t\t\t<a data-elementor-open-lightbox=\"yes\" data-elementor-lightbox-slideshow=\"8fed169\" data-elementor-lightbox-title=\"P1320697\" data-e-action-hash=\"#elementor-action%3Aaction%3Dlightbox%26settings%3DeyJpZCI6MjM2NSwidXJsIjoiaHR0cHM6XC9cL2x5Y2VlZGVsYXVsbmUuZnJcL3dwLWNvbnRlbnRcL3VwbG9hZHNcLzIwMTlcLzA5XC9QMTMyMDY5Ny5qcGciLCJzbGlkZXNob3ciOiI4ZmVkMTY5In0%3D\" href='https:\/\/lyceedelaulne.fr\/wp-content\/uploads\/2019\/09\/P1320697.jpg'><img decoding=\"async\" width=\"600\" height=\"450\" src=\"https:\/\/lyceedelaulne.fr\/wp-content\/uploads\/2019\/09\/P1320697.jpg\" class=\"attachment-large size-large\" alt=\"\" srcset=\"https:\/\/lyceedelaulne.fr\/wp-content\/uploads\/2019\/09\/P1320697.jpg 600w, https:\/\/lyceedelaulne.fr\/wp-content\/uploads\/2019\/09\/P1320697-300x225.jpg 300w, https:\/\/lyceedelaulne.fr\/wp-content\/uploads\/2019\/09\/P1320697-360x270.jpg 360w\" sizes=\"(max-width: 600px) 100vw, 600px\" \/><\/a>\n\t\t\t<\/div><\/figure><figure class='gallery-item'>\n\t\t\t<div class='gallery-icon landscape'>\n\t\t\t\t<a data-elementor-open-lightbox=\"yes\" data-elementor-lightbox-slideshow=\"8fed169\" data-elementor-lightbox-title=\"P1010931\" data-e-action-hash=\"#elementor-action%3Aaction%3Dlightbox%26settings%3DeyJpZCI6MjM2MywidXJsIjoiaHR0cHM6XC9cL2x5Y2VlZGVsYXVsbmUuZnJcL3dwLWNvbnRlbnRcL3VwbG9hZHNcLzIwMTlcLzA5XC9QMTAxMDkzMS5qcGciLCJzbGlkZXNob3ciOiI4ZmVkMTY5In0%3D\" href='https:\/\/lyceedelaulne.fr\/wp-content\/uploads\/2019\/09\/P1010931.jpg'><img decoding=\"async\" width=\"600\" height=\"450\" src=\"https:\/\/lyceedelaulne.fr\/wp-content\/uploads\/2019\/09\/P1010931.jpg\" class=\"attachment-large size-large\" alt=\"\" srcset=\"https:\/\/lyceedelaulne.fr\/wp-content\/uploads\/2019\/09\/P1010931.jpg 600w, https:\/\/lyceedelaulne.fr\/wp-content\/uploads\/2019\/09\/P1010931-300x225.jpg 300w, https:\/\/lyceedelaulne.fr\/wp-content\/uploads\/2019\/09\/P1010931-360x270.jpg 360w\" sizes=\"(max-width: 600px) 100vw, 600px\" \/><\/a>\n\t\t\t<\/div><\/figure><figure class='gallery-item'>\n\t\t\t<div class='gallery-icon landscape'>\n\t\t\t\t<a data-elementor-open-lightbox=\"yes\" data-elementor-lightbox-slideshow=\"8fed169\" data-elementor-lightbox-title=\"P1320650\" data-e-action-hash=\"#elementor-action%3Aaction%3Dlightbox%26settings%3DeyJpZCI6MjM2NCwidXJsIjoiaHR0cHM6XC9cL2x5Y2VlZGVsYXVsbmUuZnJcL3dwLWNvbnRlbnRcL3VwbG9hZHNcLzIwMTlcLzA5XC9QMTMyMDY1MC5qcGciLCJzbGlkZXNob3ciOiI4ZmVkMTY5In0%3D\" href='https:\/\/lyceedelaulne.fr\/wp-content\/uploads\/2019\/09\/P1320650.jpg'><img loading=\"lazy\" decoding=\"async\" width=\"600\" height=\"450\" src=\"https:\/\/lyceedelaulne.fr\/wp-content\/uploads\/2019\/09\/P1320650.jpg\" class=\"attachment-large size-large\" alt=\"\" srcset=\"https:\/\/lyceedelaulne.fr\/wp-content\/uploads\/2019\/09\/P1320650.jpg 600w, https:\/\/lyceedelaulne.fr\/wp-content\/uploads\/2019\/09\/P1320650-300x225.jpg 300w, https:\/\/lyceedelaulne.fr\/wp-content\/uploads\/2019\/09\/P1320650-360x270.jpg 360w\" sizes=\"(max-width: 600px) 100vw, 600px\" \/><\/a>\n\t\t\t<\/div><\/figure><figure class='gallery-item'>\n\t\t\t<div class='gallery-icon landscape'>\n\t\t\t\t<a data-elementor-open-lightbox=\"yes\" data-elementor-lightbox-slideshow=\"8fed169\" data-elementor-lightbox-title=\"P1320708\" data-e-action-hash=\"#elementor-action%3Aaction%3Dlightbox%26settings%3DeyJpZCI6MjM2NiwidXJsIjoiaHR0cHM6XC9cL2x5Y2VlZGVsYXVsbmUuZnJcL3dwLWNvbnRlbnRcL3VwbG9hZHNcLzIwMTlcLzA5XC9QMTMyMDcwOC5qcGciLCJzbGlkZXNob3ciOiI4ZmVkMTY5In0%3D\" href='https:\/\/lyceedelaulne.fr\/wp-content\/uploads\/2019\/09\/P1320708.jpg'><img loading=\"lazy\" decoding=\"async\" width=\"600\" height=\"450\" src=\"https:\/\/lyceedelaulne.fr\/wp-content\/uploads\/2019\/09\/P1320708.jpg\" class=\"attachment-large size-large\" alt=\"\" srcset=\"https:\/\/lyceedelaulne.fr\/wp-content\/uploads\/2019\/09\/P1320708.jpg 600w, https:\/\/lyceedelaulne.fr\/wp-content\/uploads\/2019\/09\/P1320708-300x225.jpg 300w, https:\/\/lyceedelaulne.fr\/wp-content\/uploads\/2019\/09\/P1320708-360x270.jpg 360w\" sizes=\"(max-width: 600px) 100vw, 600px\" \/><\/a>\n\t\t\t<\/div><\/figure><figure class='gallery-item'>\n\t\t\t<div class='gallery-icon landscape'>\n\t\t\t\t<a data-elementor-open-lightbox=\"yes\" data-elementor-lightbox-slideshow=\"8fed169\" data-elementor-lightbox-title=\"P1320720\" data-e-action-hash=\"#elementor-action%3Aaction%3Dlightbox%26settings%3DeyJpZCI6MjM2NywidXJsIjoiaHR0cHM6XC9cL2x5Y2VlZGVsYXVsbmUuZnJcL3dwLWNvbnRlbnRcL3VwbG9hZHNcLzIwMTlcLzA5XC9QMTMyMDcyMC5qcGciLCJzbGlkZXNob3ciOiI4ZmVkMTY5In0%3D\" href='https:\/\/lyceedelaulne.fr\/wp-content\/uploads\/2019\/09\/P1320720.jpg'><img loading=\"lazy\" decoding=\"async\" width=\"600\" height=\"450\" src=\"https:\/\/lyceedelaulne.fr\/wp-content\/uploads\/2019\/09\/P1320720.jpg\" class=\"attachment-large size-large\" alt=\"\" srcset=\"https:\/\/lyceedelaulne.fr\/wp-content\/uploads\/2019\/09\/P1320720.jpg 600w, https:\/\/lyceedelaulne.fr\/wp-content\/uploads\/2019\/09\/P1320720-300x225.jpg 300w, https:\/\/lyceedelaulne.fr\/wp-content\/uploads\/2019\/09\/P1320720-360x270.jpg 360w\" sizes=\"(max-width: 600px) 100vw, 600px\" \/><\/a>\n\t\t\t<\/div><\/figure><figure class='gallery-item'>\n\t\t\t<div class='gallery-icon landscape'>\n\t\t\t\t<a data-elementor-open-lightbox=\"yes\" data-elementor-lightbox-slideshow=\"8fed169\" data-elementor-lightbox-title=\"P1320809\" data-e-action-hash=\"#elementor-action%3Aaction%3Dlightbox%26settings%3DeyJpZCI6MjM2OCwidXJsIjoiaHR0cHM6XC9cL2x5Y2VlZGVsYXVsbmUuZnJcL3dwLWNvbnRlbnRcL3VwbG9hZHNcLzIwMTlcLzA5XC9QMTMyMDgwOS5qcGciLCJzbGlkZXNob3ciOiI4ZmVkMTY5In0%3D\" href='https:\/\/lyceedelaulne.fr\/wp-content\/uploads\/2019\/09\/P1320809.jpg'><img loading=\"lazy\" decoding=\"async\" width=\"600\" height=\"450\" src=\"https:\/\/lyceedelaulne.fr\/wp-content\/uploads\/2019\/09\/P1320809.jpg\" class=\"attachment-large size-large\" alt=\"\" srcset=\"https:\/\/lyceedelaulne.fr\/wp-content\/uploads\/2019\/09\/P1320809.jpg 600w, https:\/\/lyceedelaulne.fr\/wp-content\/uploads\/2019\/09\/P1320809-300x225.jpg 300w, https:\/\/lyceedelaulne.fr\/wp-content\/uploads\/2019\/09\/P1320809-360x270.jpg 360w\" sizes=\"(max-width: 600px) 100vw, 600px\" \/><\/a>\n\t\t\t<\/div><\/figure><figure class='gallery-item'>\n\t\t\t<div class='gallery-icon landscape'>\n\t\t\t\t<a data-elementor-open-lightbox=\"yes\" data-elementor-lightbox-slideshow=\"8fed169\" data-elementor-lightbox-title=\"P1320827\" data-e-action-hash=\"#elementor-action%3Aaction%3Dlightbox%26settings%3DeyJpZCI6MjM2OSwidXJsIjoiaHR0cHM6XC9cL2x5Y2VlZGVsYXVsbmUuZnJcL3dwLWNvbnRlbnRcL3VwbG9hZHNcLzIwMTlcLzA5XC9QMTMyMDgyNy5qcGciLCJzbGlkZXNob3ciOiI4ZmVkMTY5In0%3D\" href='https:\/\/lyceedelaulne.fr\/wp-content\/uploads\/2019\/09\/P1320827.jpg'><img loading=\"lazy\" decoding=\"async\" width=\"600\" height=\"450\" src=\"https:\/\/lyceedelaulne.fr\/wp-content\/uploads\/2019\/09\/P1320827.jpg\" class=\"attachment-large size-large\" alt=\"\" srcset=\"https:\/\/lyceedelaulne.fr\/wp-content\/uploads\/2019\/09\/P1320827.jpg 600w, https:\/\/lyceedelaulne.fr\/wp-content\/uploads\/2019\/09\/P1320827-300x225.jpg 300w, https:\/\/lyceedelaulne.fr\/wp-content\/uploads\/2019\/09\/P1320827-360x270.jpg 360w\" sizes=\"(max-width: 600px) 100vw, 600px\" \/><\/a>\n\t\t\t<\/div><\/figure><figure class='gallery-item'>\n\t\t\t<div class='gallery-icon landscape'>\n\t\t\t\t<a data-elementor-open-lightbox=\"yes\" data-elementor-lightbox-slideshow=\"8fed169\" data-elementor-lightbox-title=\"P1320854\" data-e-action-hash=\"#elementor-action%3Aaction%3Dlightbox%26settings%3DeyJpZCI6MjM3MCwidXJsIjoiaHR0cHM6XC9cL2x5Y2VlZGVsYXVsbmUuZnJcL3dwLWNvbnRlbnRcL3VwbG9hZHNcLzIwMTlcLzA5XC9QMTMyMDg1NC5qcGciLCJzbGlkZXNob3ciOiI4ZmVkMTY5In0%3D\" href='https:\/\/lyceedelaulne.fr\/wp-content\/uploads\/2019\/09\/P1320854.jpg'><img loading=\"lazy\" decoding=\"async\" width=\"600\" height=\"450\" src=\"https:\/\/lyceedelaulne.fr\/wp-content\/uploads\/2019\/09\/P1320854.jpg\" class=\"attachment-large size-large\" alt=\"\" srcset=\"https:\/\/lyceedelaulne.fr\/wp-content\/uploads\/2019\/09\/P1320854.jpg 600w, https:\/\/lyceedelaulne.fr\/wp-content\/uploads\/2019\/09\/P1320854-300x225.jpg 300w, https:\/\/lyceedelaulne.fr\/wp-content\/uploads\/2019\/09\/P1320854-360x270.jpg 360w\" sizes=\"(max-width: 600px) 100vw, 600px\" \/><\/a>\n\t\t\t<\/div><\/figure>\n\t\t<\/div>\n\t\t<\/div>\n\t\t\t\t\t\t<\/div>\n\t\t\t\t<\/div>\n\t\t\t\t\t<\/div>\n\t\t<\/div>\n\t\t\t\t\t<\/div>\n\t\t<\/section>\n\t\t\t\t<\/div>\n\t\t","protected":false},"excerpt":{"rendered":"<p>LES BTS AP EN SEMAINE V\u00c9G\u00c9TALE A CLOHARS(29) ET SENE(56) Les&nbsp;BTS&nbsp;AP 1\u00e8re ann\u00e9e participent \u00e0&nbsp;Clohars Carno\u00ebt (29)&nbsp;\u00e0 la plantation dans le cadre d&rsquo;un r\u00e9am\u00e9nagement urbain :&nbsp; mise en place de toile biod\u00e9gradable et plantation de vivaces couvre sols et arbustes&hellip;&nbsp;<a href=\"https:\/\/lyceedelaulne.fr\/?p=2358\" class=\"more-link\">Lire la suite<\/a><\/p>\n","protected":false},"author":1,"featured_media":0,"comment_status":"open","ping_status":"open","sticky":false,"template":"","format":"standard","meta":{"footnotes":""},"categories":[1],"tags":[],"class_list":["post-2358","post","type-post","status-publish","format-standard","hentry","category-non-classe"],"_links":{"self":[{"href":"https:\/\/lyceedelaulne.fr\/index.php?rest_route=\/wp\/v2\/posts\/2358","targetHints":{"allow":["GET"]}}],"collection":[{"href":"https:\/\/lyceedelaulne.fr\/index.php?rest_route=\/wp\/v2\/posts"}],"about":[{"href":"https:\/\/lyceedelaulne.fr\/index.php?rest_route=\/wp\/v2\/types\/post"}],"author":[{"embeddable":true,"href":"https:\/\/lyceedelaulne.fr\/index.php?rest_route=\/wp\/v2\/users\/1"}],"replies":[{"embeddable":true,"href":"https:\/\/lyceedelaulne.fr\/index.php?rest_route=%2Fwp%2Fv2%2Fcomments&post=2358"}],"version-history":[{"count":6,"href":"https:\/\/lyceedelaulne.fr\/index.php?rest_route=\/wp\/v2\/posts\/2358\/revisions"}],"predecessor-version":[{"id":2918,"href":"https:\/\/lyceedelaulne.fr\/index.php?rest_route=\/wp\/v2\/posts\/2358\/revisions\/2918"}],"wp:attachment":[{"href":"https:\/\/lyceedelaulne.fr\/index.php?rest_route=%2Fwp%2Fv2%2Fmedia&parent=2358"}],"wp:term":[{"taxonomy":"category","embeddable":true,"href":"https:\/\/lyceedelaulne.fr\/index.php?rest_route=%2Fwp%2Fv2%2Fcategories&post=2358"},{"taxonomy":"post_tag","embeddable":true,"href":"https:\/\/lyceedelaulne.fr\/index.php?rest_route=%2Fwp%2Fv2%2Ftags&post=2358"}],"curies":[{"name":"wp","href":"https:\/\/api.w.org\/{rel}","templated":true}]}}